{"id":17683,"date":"2023-05-30T17:11:53","date_gmt":"2023-05-30T15:11:53","guid":{"rendered":"https:\/\/affaires-sociales.gouv.cg\/site_dev\/?p=17683"},"modified":"2023-05-30T17:11:54","modified_gmt":"2023-05-30T15:11:54","slug":"assistance-personnes-vulnerables","status":"publish","type":"post","link":"https:\/\/affaires-sociales.gouv.cg\/site_dev\/2023\/05\/30\/assistance-personnes-vulnerables\/","title":{"rendered":"ASSISTANCE PERSONNES VULNERABLES"},"content":{"rendered":"\n<figure class=\"wp-block-gallery has-nested-images columns-default is-cropped wp-block-gallery-1 is-layout-flex\">\n<figure class=\"wp-block-image size-large\"><img fetchpriority=\"high\" decoding=\"async\" width=\"1024\" height=\"683\" data-id=\"17301\"  src=\"https:\/\/affaires-sociales.gouv.cg\/site_dev\/wp-content\/uploads\/2023\/02\/USA6-1024x683.jpg\" alt=\"\" class=\"wp-image-17301\"\/><\/figure>\n\n\n\n<figure class=\"wp-block-image size-large\"><img decoding=\"async\" width=\"1024\" height=\"683\" data-id=\"17312\"  src=\"https:\/\/affaires-sociales.gouv.cg\/site_dev\/wp-content\/uploads\/2023\/02\/s-1024x683.jpg\" alt=\"\" class=\"wp-image-17312\"\/><\/figure>\n\n\n\n<figure class=\"wp-block-image size-large\"><img decoding=\"async\" width=\"1024\" height=\"683\" data-id=\"17311\"  src=\"https:\/\/affaires-sociales.gouv.cg\/site_dev\/wp-content\/uploads\/2023\/02\/A1-1024x683.jpg\" alt=\"\" class=\"wp-image-17311\"\/><\/figure>\n\n\n\n<figure class=\"wp-block-image size-large\"><img loading=\"lazy\" decoding=\"async\" width=\"1024\" height=\"683\" data-id=\"17300\"  src=\"https:\/\/affaires-sociales.gouv.cg\/site_dev\/wp-content\/uploads\/2023\/02\/USA4-1024x683.jpg\" alt=\"\" class=\"wp-image-17300\"\/><\/figure>\n\n\n\n<figure class=\"wp-block-image size-large\"><img loading=\"lazy\" decoding=\"async\" width=\"1024\" height=\"683\" data-id=\"17299\"  src=\"https:\/\/affaires-sociales.gouv.cg\/site_dev\/wp-content\/uploads\/2023\/02\/USA2-1024x683.jpg\" alt=\"\" class=\"wp-image-17299\"\/><\/figure>\n\n\n\n<figure class=\"wp-block-image size-large\"><img loading=\"lazy\" decoding=\"async\" width=\"1024\" height=\"683\" data-id=\"17310\"  src=\"https:\/\/affaires-sociales.gouv.cg\/site_dev\/wp-content\/uploads\/2023\/02\/a-1024x683.jpg\" alt=\"\" class=\"wp-image-17310\"\/><\/figure>\n<\/figure>\n\n\n\n<p><\/p>\n\n\n\n<p><\/p>\n\n\n\n<p><\/p>\n","protected":false},"excerpt":{"rendered":"","protected":false},"author":4,"featured_media":17266,"comment_status":"open","ping_status":"open","sticky":false,"template":"","format":"standard","meta":[],"categories":[40,6],"tags":[],"yoast_head":"<!-- This site is optimized with the Yoast SEO plugin v20.8 - https:\/\/yoast.com\/wordpress\/plugins\/seo\/ -->\n<title>ASSISTANCE PERSONNES VULNERABLES - affaire-sociales<\/title>\n<meta name=\"robots\" content=\"index, follow, max-snippet:-1, max-image-preview:large, max-video-preview:-1\" \/>\n<link rel=\"canonical\" href=\"https:\/\/affaires-sociales.gouv.cg\/site_dev\/2023\/05\/30\/assistance-personnes-vulnerables\/\" \/>\n<meta property=\"og:locale\" content=\"fr_FR\" \/>\n<meta property=\"og:type\" content=\"article\" \/>\n<meta property=\"og:title\" content=\"ASSISTANCE PERSONNES VULNERABLES - affaire-sociales\" \/>\n<meta property=\"og:url\" content=\"https:\/\/affaires-sociales.gouv.cg\/site_dev\/2023\/05\/30\/assistance-personnes-vulnerables\/\" \/>\n<meta property=\"og:site_name\" content=\"affaire-sociales\" \/>\n<meta property=\"article:publisher\" content=\"https:\/\/www.facebook.com\/people\/Ministre-Des-Affaires-Sociales-Et-De-Laction-Humanitaire\/100064473618465\/\" \/>\n<meta property=\"article:published_time\" content=\"2023-05-30T15:11:53+00:00\" \/>\n<meta property=\"article:modified_time\" content=\"2023-05-30T15:11:54+00:00\" \/>\n<meta property=\"og:image\" content=\"https:\/\/affaires-sociales.gouv.cg\/site_dev\/wp-content\/uploads\/2023\/02\/gabe-1.jpg\" \/>\n\t<meta property=\"og:image:width\" content=\"1317\" \/>\n\t<meta property=\"og:image:height\" content=\"540\" \/>\n\t<meta property=\"og:image:type\" content=\"image\/jpeg\" \/>\n<meta name=\"author\" content=\"dircom dircom\" \/>\n<meta name=\"twitter:card\" content=\"summary_large_image\" \/>\n<meta name=\"twitter:creator\" content=\"@aff_sociales_cg\" \/>\n<meta name=\"twitter:site\" content=\"@aff_sociales_cg\" \/>\n<meta name=\"twitter:label1\" content=\"\u00c9crit par\" \/>\n\t<meta name=\"twitter:data1\" content=\"dircom dircom\" \/>\n\t<meta name=\"twitter:label2\" content=\"Dur\u00e9e de lecture estim\u00e9e\" \/>\n\t<meta name=\"twitter:data2\" content=\"2 minutes\" \/>\n<script type=\"application\/ld+json\" class=\"yoast-schema-graph\">{\"@context\":\"https:\/\/schema.org\",\"@graph\":[{\"@type\":\"Article\",\"@id\":\"https:\/\/affaires-sociales.gouv.cg\/site_dev\/2023\/05\/30\/assistance-personnes-vulnerables\/#article\",\"isPartOf\":{\"@id\":\"https:\/\/affaires-sociales.gouv.cg\/site_dev\/2023\/05\/30\/assistance-personnes-vulnerables\/\"},\"author\":{\"name\":\"dircom dircom\",\"@id\":\"https:\/\/affaires-sociales.gouv.cg\/site_dev\/#\/schema\/person\/6cd98541e8bb2ca41b98f6a002939326\"},\"headline\":\"ASSISTANCE PERSONNES VULNERABLES\",\"datePublished\":\"2023-05-30T15:11:53+00:00\",\"dateModified\":\"2023-05-30T15:11:54+00:00\",\"mainEntityOfPage\":{\"@id\":\"https:\/\/affaires-sociales.gouv.cg\/site_dev\/2023\/05\/30\/assistance-personnes-vulnerables\/\"},\"wordCount\":3,\"commentCount\":0,\"publisher\":{\"@id\":\"https:\/\/affaires-sociales.gouv.cg\/site_dev\/#organization\"},\"articleSection\":[\"nouvelle article\",\"Photography\"],\"inLanguage\":\"fr-FR\",\"potentialAction\":[{\"@type\":\"CommentAction\",\"name\":\"Comment\",\"target\":[\"https:\/\/affaires-sociales.gouv.cg\/site_dev\/2023\/05\/30\/assistance-personnes-vulnerables\/#respond\"]}]},{\"@type\":\"WebPage\",\"@id\":\"https:\/\/affaires-sociales.gouv.cg\/site_dev\/2023\/05\/30\/assistance-personnes-vulnerables\/\",\"url\":\"https:\/\/affaires-sociales.gouv.cg\/site_dev\/2023\/05\/30\/assistance-personnes-vulnerables\/\",\"name\":\"ASSISTANCE PERSONNES VULNERABLES - affaire-sociales\",\"isPartOf\":{\"@id\":\"https:\/\/affaires-sociales.gouv.cg\/site_dev\/#website\"},\"datePublished\":\"2023-05-30T15:11:53+00:00\",\"dateModified\":\"2023-05-30T15:11:54+00:00\",\"breadcrumb\":{\"@id\":\"https:\/\/affaires-sociales.gouv.cg\/site_dev\/2023\/05\/30\/assistance-personnes-vulnerables\/#breadcrumb\"},\"inLanguage\":\"fr-FR\",\"potentialAction\":[{\"@type\":\"ReadAction\",\"target\":[\"https:\/\/affaires-sociales.gouv.cg\/site_dev\/2023\/05\/30\/assistance-personnes-vulnerables\/\"]}]},{\"@type\":\"BreadcrumbList\",\"@id\":\"https:\/\/affaires-sociales.gouv.cg\/site_dev\/2023\/05\/30\/assistance-personnes-vulnerables\/#breadcrumb\",\"itemListElement\":[{\"@type\":\"ListItem\",\"position\":1,\"name\":\"Accueil\",\"item\":\"https:\/\/affaires-sociales.gouv.cg\/site_dev\/\"},{\"@type\":\"ListItem\",\"position\":2,\"name\":\"ASSISTANCE PERSONNES VULNERABLES\"}]},{\"@type\":\"WebSite\",\"@id\":\"https:\/\/affaires-sociales.gouv.cg\/site_dev\/#website\",\"url\":\"https:\/\/affaires-sociales.gouv.cg\/site_dev\/\",\"name\":\"affaires-sociales\",\"description\":\"Un site utilisant WordPress\",\"publisher\":{\"@id\":\"https:\/\/affaires-sociales.gouv.cg\/site_dev\/#organization\"},\"potentialAction\":[{\"@type\":\"SearchAction\",\"target\":{\"@type\":\"EntryPoint\",\"urlTemplate\":\"https:\/\/affaires-sociales.gouv.cg\/site_dev\/?s={search_term_string}\"},\"query-input\":\"required name=search_term_string\"}],\"inLanguage\":\"fr-FR\"},{\"@type\":\"Organization\",\"@id\":\"https:\/\/affaires-sociales.gouv.cg\/site_dev\/#organization\",\"name\":\"minist\u00e8re des affaires-sociales, de la solidarit\u00e9 et de l'Action Humanitaire\",\"url\":\"https:\/\/affaires-sociales.gouv.cg\/site_dev\/\",\"logo\":{\"@type\":\"ImageObject\",\"inLanguage\":\"fr-FR\",\"@id\":\"https:\/\/affaires-sociales.gouv.cg\/site_dev\/#\/schema\/logo\/image\/\",\"url\":\"https:\/\/affaires-sociales.gouv.cg\/wp-content\/uploads\/2023\/01\/logogros.jpg\",\"contentUrl\":\"https:\/\/affaires-sociales.gouv.cg\/wp-content\/uploads\/2023\/01\/logogros.jpg\",\"width\":1376,\"height\":502,\"caption\":\"minist\u00e8re des affaires-sociales, de la solidarit\u00e9 et de l'Action Humanitaire\"},\"image\":{\"@id\":\"https:\/\/affaires-sociales.gouv.cg\/site_dev\/#\/schema\/logo\/image\/\"},\"sameAs\":[\"https:\/\/www.facebook.com\/people\/Ministre-Des-Affaires-Sociales-Et-De-Laction-Humanitaire\/100064473618465\/\",\"https:\/\/twitter.com\/aff_sociales_cg\"]},{\"@type\":\"Person\",\"@id\":\"https:\/\/affaires-sociales.gouv.cg\/site_dev\/#\/schema\/person\/6cd98541e8bb2ca41b98f6a002939326\",\"name\":\"dircom dircom\",\"image\":{\"@type\":\"ImageObject\",\"inLanguage\":\"fr-FR\",\"@id\":\"https:\/\/affaires-sociales.gouv.cg\/site_dev\/#\/schema\/person\/image\/\",\"url\":\"https:\/\/secure.gravatar.com\/avatar\/c7f09ee99f68360730781956654b5f51?s=96&d=mm&r=g\",\"contentUrl\":\"https:\/\/secure.gravatar.com\/avatar\/c7f09ee99f68360730781956654b5f51?s=96&d=mm&r=g\",\"caption\":\"dircom dircom\"},\"url\":\"https:\/\/affaires-sociales.gouv.cg\/site_dev\/author\/dircom\/\"}]}<\/script>\n<!-- \/ Yoast SEO plugin. -->","yoast_head_json":{"title":"ASSISTANCE PERSONNES VULNERABLES - affaire-sociales","robots":{"index":"index","follow":"follow","max-snippet":"max-snippet:-1","max-image-preview":"max-image-preview:large","max-video-preview":"max-video-preview:-1"},"canonical":"https:\/\/affaires-sociales.gouv.cg\/site_dev\/2023\/05\/30\/assistance-personnes-vulnerables\/","og_locale":"fr_FR","og_type":"article","og_title":"ASSISTANCE PERSONNES VULNERABLES - affaire-sociales","og_url":"https:\/\/affaires-sociales.gouv.cg\/site_dev\/2023\/05\/30\/assistance-personnes-vulnerables\/","og_site_name":"affaire-sociales","article_publisher":"https:\/\/www.facebook.com\/people\/Ministre-Des-Affaires-Sociales-Et-De-Laction-Humanitaire\/100064473618465\/","article_published_time":"2023-05-30T15:11:53+00:00","article_modified_time":"2023-05-30T15:11:54+00:00","og_image":[{"width":1317,"height":540,"url":"https:\/\/affaires-sociales.gouv.cg\/site_dev\/wp-content\/uploads\/2023\/02\/gabe-1.jpg","type":"image\/jpeg"}],"author":"dircom dircom","twitter_card":"summary_large_image","twitter_creator":"@aff_sociales_cg","twitter_site":"@aff_sociales_cg","twitter_misc":{"\u00c9crit par":"dircom dircom","Dur\u00e9e de lecture estim\u00e9e":"2 minutes"},"schema":{"@context":"https:\/\/schema.org","@graph":[{"@type":"Article","@id":"https:\/\/affaires-sociales.gouv.cg\/site_dev\/2023\/05\/30\/assistance-personnes-vulnerables\/#article","isPartOf":{"@id":"https:\/\/affaires-sociales.gouv.cg\/site_dev\/2023\/05\/30\/assistance-personnes-vulnerables\/"},"author":{"name":"dircom dircom","@id":"https:\/\/affaires-sociales.gouv.cg\/site_dev\/#\/schema\/person\/6cd98541e8bb2ca41b98f6a002939326"},"headline":"ASSISTANCE PERSONNES VULNERABLES","datePublished":"2023-05-30T15:11:53+00:00","dateModified":"2023-05-30T15:11:54+00:00","mainEntityOfPage":{"@id":"https:\/\/affaires-sociales.gouv.cg\/site_dev\/2023\/05\/30\/assistance-personnes-vulnerables\/"},"wordCount":3,"commentCount":0,"publisher":{"@id":"https:\/\/affaires-sociales.gouv.cg\/site_dev\/#organization"},"articleSection":["nouvelle article","Photography"],"inLanguage":"fr-FR","potentialAction":[{"@type":"CommentAction","name":"Comment","target":["https:\/\/affaires-sociales.gouv.cg\/site_dev\/2023\/05\/30\/assistance-personnes-vulnerables\/#respond"]}]},{"@type":"WebPage","@id":"https:\/\/affaires-sociales.gouv.cg\/site_dev\/2023\/05\/30\/assistance-personnes-vulnerables\/","url":"https:\/\/affaires-sociales.gouv.cg\/site_dev\/2023\/05\/30\/assistance-personnes-vulnerables\/","name":"ASSISTANCE PERSONNES VULNERABLES - affaire-sociales","isPartOf":{"@id":"https:\/\/affaires-sociales.gouv.cg\/site_dev\/#website"},"datePublished":"2023-05-30T15:11:53+00:00","dateModified":"2023-05-30T15:11:54+00:00","breadcrumb":{"@id":"https:\/\/affaires-sociales.gouv.cg\/site_dev\/2023\/05\/30\/assistance-personnes-vulnerables\/#breadcrumb"},"inLanguage":"fr-FR","potentialAction":[{"@type":"ReadAction","target":["https:\/\/affaires-sociales.gouv.cg\/site_dev\/2023\/05\/30\/assistance-personnes-vulnerables\/"]}]},{"@type":"BreadcrumbList","@id":"https:\/\/affaires-sociales.gouv.cg\/site_dev\/2023\/05\/30\/assistance-personnes-vulnerables\/#breadcrumb","itemListElement":[{"@type":"ListItem","position":1,"name":"Accueil","item":"https:\/\/affaires-sociales.gouv.cg\/site_dev\/"},{"@type":"ListItem","position":2,"name":"ASSISTANCE PERSONNES VULNERABLES"}]},{"@type":"WebSite","@id":"https:\/\/affaires-sociales.gouv.cg\/site_dev\/#website","url":"https:\/\/affaires-sociales.gouv.cg\/site_dev\/","name":"affaires-sociales","description":"Un site utilisant WordPress","publisher":{"@id":"https:\/\/affaires-sociales.gouv.cg\/site_dev\/#organization"},"potentialAction":[{"@type":"SearchAction","target":{"@type":"EntryPoint","urlTemplate":"https:\/\/affaires-sociales.gouv.cg\/site_dev\/?s={search_term_string}"},"query-input":"required name=search_term_string"}],"inLanguage":"fr-FR"},{"@type":"Organization","@id":"https:\/\/affaires-sociales.gouv.cg\/site_dev\/#organization","name":"minist\u00e8re des affaires-sociales, de la solidarit\u00e9 et de l'Action Humanitaire","url":"https:\/\/affaires-sociales.gouv.cg\/site_dev\/","logo":{"@type":"ImageObject","inLanguage":"fr-FR","@id":"https:\/\/affaires-sociales.gouv.cg\/site_dev\/#\/schema\/logo\/image\/","url":"https:\/\/affaires-sociales.gouv.cg\/wp-content\/uploads\/2023\/01\/logogros.jpg","contentUrl":"https:\/\/affaires-sociales.gouv.cg\/wp-content\/uploads\/2023\/01\/logogros.jpg","width":1376,"height":502,"caption":"minist\u00e8re des affaires-sociales, de la solidarit\u00e9 et de l'Action Humanitaire"},"image":{"@id":"https:\/\/affaires-sociales.gouv.cg\/site_dev\/#\/schema\/logo\/image\/"},"sameAs":["https:\/\/www.facebook.com\/people\/Ministre-Des-Affaires-Sociales-Et-De-Laction-Humanitaire\/100064473618465\/","https:\/\/twitter.com\/aff_sociales_cg"]},{"@type":"Person","@id":"https:\/\/affaires-sociales.gouv.cg\/site_dev\/#\/schema\/person\/6cd98541e8bb2ca41b98f6a002939326","name":"dircom dircom","image":{"@type":"ImageObject","inLanguage":"fr-FR","@id":"https:\/\/affaires-sociales.gouv.cg\/site_dev\/#\/schema\/person\/image\/","url":"https:\/\/secure.gravatar.com\/avatar\/c7f09ee99f68360730781956654b5f51?s=96&d=mm&r=g","contentUrl":"https:\/\/secure.gravatar.com\/avatar\/c7f09ee99f68360730781956654b5f51?s=96&d=mm&r=g","caption":"dircom dircom"},"url":"https:\/\/affaires-sociales.gouv.cg\/site_dev\/author\/dircom\/"}]}},"rttpg_featured_image_url":{"full":["https:\/\/affaires-sociales.gouv.cg\/site_dev\/wp-content\/uploads\/2023\/02\/gabe-1.jpg",1317,540,false],"landscape":["https:\/\/affaires-sociales.gouv.cg\/site_dev\/wp-content\/uploads\/2023\/02\/gabe-1.jpg",1317,540,false],"portraits":["https:\/\/affaires-sociales.gouv.cg\/site_dev\/wp-content\/uploads\/2023\/02\/gabe-1.jpg",1317,540,false],"thumbnail":["https:\/\/affaires-sociales.gouv.cg\/site_dev\/wp-content\/uploads\/2023\/02\/gabe-1-150x150.jpg",150,150,true],"medium":["https:\/\/affaires-sociales.gouv.cg\/site_dev\/wp-content\/uploads\/2023\/02\/gabe-1-300x123.jpg",300,123,true],"large":["https:\/\/affaires-sociales.gouv.cg\/site_dev\/wp-content\/uploads\/2023\/02\/gabe-1-1024x420.jpg",1024,420,true],"1536x1536":["https:\/\/affaires-sociales.gouv.cg\/site_dev\/wp-content\/uploads\/2023\/02\/gabe-1.jpg",1317,540,false],"2048x2048":["https:\/\/affaires-sociales.gouv.cg\/site_dev\/wp-content\/uploads\/2023\/02\/gabe-1.jpg",1317,540,false],"ultp_layout_landscape_large":["https:\/\/affaires-sociales.gouv.cg\/site_dev\/wp-content\/uploads\/2023\/02\/gabe-1-1200x540.jpg",1200,540,true],"ultp_layout_landscape":["https:\/\/affaires-sociales.gouv.cg\/site_dev\/wp-content\/uploads\/2023\/02\/gabe-1-870x540.jpg",870,540,true],"ultp_layout_portrait":["https:\/\/affaires-sociales.gouv.cg\/site_dev\/wp-content\/uploads\/2023\/02\/gabe-1-600x540.jpg",600,540,true],"ultp_layout_square":["https:\/\/affaires-sociales.gouv.cg\/site_dev\/wp-content\/uploads\/2023\/02\/gabe-1-600x540.jpg",600,540,true],"portfolio-square":["https:\/\/affaires-sociales.gouv.cg\/site_dev\/wp-content\/uploads\/2023\/02\/gabe-1-570x540.jpg",570,540,true],"portfolio-portrait":["https:\/\/affaires-sociales.gouv.cg\/site_dev\/wp-content\/uploads\/2023\/02\/gabe-1-600x540.jpg",600,540,true],"portfolio-landscape":["https:\/\/affaires-sociales.gouv.cg\/site_dev\/wp-content\/uploads\/2023\/02\/gabe-1-800x540.jpg",800,540,true],"menu-featured-post":["https:\/\/affaires-sociales.gouv.cg\/site_dev\/wp-content\/uploads\/2023\/02\/gabe-1-345x198.jpg",345,198,true],"qode-carousel_slider":["https:\/\/affaires-sociales.gouv.cg\/site_dev\/wp-content\/uploads\/2023\/02\/gabe-1-400x260.jpg",400,260,true],"portfolio_slider":["https:\/\/affaires-sociales.gouv.cg\/site_dev\/wp-content\/uploads\/2023\/02\/gabe-1-500x380.jpg",500,380,true],"portfolio_masonry_regular":["https:\/\/affaires-sociales.gouv.cg\/site_dev\/wp-content\/uploads\/2023\/02\/gabe-1-500x500.jpg",500,500,true],"portfolio_masonry_wide":["https:\/\/affaires-sociales.gouv.cg\/site_dev\/wp-content\/uploads\/2023\/02\/gabe-1-1000x500.jpg",1000,500,true],"portfolio_masonry_tall":["https:\/\/affaires-sociales.gouv.cg\/site_dev\/wp-content\/uploads\/2023\/02\/gabe-1-500x540.jpg",500,540,true],"portfolio_masonry_large":["https:\/\/affaires-sociales.gouv.cg\/site_dev\/wp-content\/uploads\/2023\/02\/gabe-1-1000x540.jpg",1000,540,true],"portfolio_masonry_with_space":["https:\/\/affaires-sociales.gouv.cg\/site_dev\/wp-content\/uploads\/2023\/02\/gabe-1-700x287.jpg",700,287,true],"latest_post_boxes":["https:\/\/affaires-sociales.gouv.cg\/site_dev\/wp-content\/uploads\/2023\/02\/gabe-1-539x303.jpg",539,303,true]},"rttpg_author":{"display_name":"dircom dircom","author_link":"https:\/\/affaires-sociales.gouv.cg\/site_dev\/author\/dircom\/"},"rttpg_comment":0,"rttpg_category":"<a href=\"https:\/\/affaires-sociales.gouv.cg\/site_dev\/category\/nouvelle-article\/\" rel=\"category tag\">nouvelle article<\/a> <a href=\"https:\/\/affaires-sociales.gouv.cg\/site_dev\/category\/photography\/\" rel=\"category tag\">Photography<\/a>","rttpg_excerpt":null,"_links":{"self":[{"href":"https:\/\/affaires-sociales.gouv.cg\/site_dev\/wp-json\/wp\/v2\/posts\/17683"}],"collection":[{"href":"https:\/\/affaires-sociales.gouv.cg\/site_dev\/wp-json\/wp\/v2\/posts"}],"about":[{"href":"https:\/\/affaires-sociales.gouv.cg\/site_dev\/wp-json\/wp\/v2\/types\/post"}],"author":[{"embeddable":true,"href":"https:\/\/affaires-sociales.gouv.cg\/site_dev\/wp-json\/wp\/v2\/users\/4"}],"replies":[{"embeddable":true,"href":"https:\/\/affaires-sociales.gouv.cg\/site_dev\/wp-json\/wp\/v2\/comments?post=17683"}],"version-history":[{"count":1,"href":"https:\/\/affaires-sociales.gouv.cg\/site_dev\/wp-json\/wp\/v2\/posts\/17683\/revisions"}],"predecessor-version":[{"id":17684,"href":"https:\/\/affaires-sociales.gouv.cg\/site_dev\/wp-json\/wp\/v2\/posts\/17683\/revisions\/17684"}],"wp:featuredmedia":[{"embeddable":true,"href":"https:\/\/affaires-sociales.gouv.cg\/site_dev\/wp-json\/wp\/v2\/media\/17266"}],"wp:attachment":[{"href":"https:\/\/affaires-sociales.gouv.cg\/site_dev\/wp-json\/wp\/v2\/media?parent=17683"}],"wp:term":[{"taxonomy":"category","embeddable":true,"href":"https:\/\/affaires-sociales.gouv.cg\/site_dev\/wp-json\/wp\/v2\/categories?post=17683"},{"taxonomy":"post_tag","embeddable":true,"href":"https:\/\/affaires-sociales.gouv.cg\/site_dev\/wp-json\/wp\/v2\/tags?post=17683"}],"curies":[{"name":"wp","href":"https:\/\/api.w.org\/{rel}","templated":true}]}}