{"id":17681,"date":"2023-05-30T17:01:33","date_gmt":"2023-05-30T15:01:33","guid":{"rendered":"https:\/\/affaires-sociales.gouv.cg\/site_dev\/?p=17681"},"modified":"2023-05-30T17:02:59","modified_gmt":"2023-05-30T15:02:59","slug":"formation","status":"publish","type":"post","link":"https:\/\/affaires-sociales.gouv.cg\/site_dev\/2023\/05\/30\/formation\/","title":{"rendered":"FORMATION"},"content":{"rendered":"\n<p>CONTEN CONTENU<\/p>\n\n\n\n<figure class=\"wp-block-gallery has-nested-images columns-default is-cropped wp-block-gallery-1 is-layout-flex\">\n<figure class=\"wp-block-image size-large\"><img fetchpriority=\"high\" decoding=\"async\" width=\"1024\" height=\"450\" data-id=\"17277\"  src=\"https:\/\/affaires-sociales.gouv.cg\/site_dev\/wp-content\/uploads\/2023\/02\/298776728_430326615793122_9000000708889876381_n-1024x450.jpg\" alt=\"\" class=\"wp-image-17277\"\/><\/figure>\n\n\n\n<figure class=\"wp-block-image size-large\"><img decoding=\"async\" width=\"1024\" height=\"450\" data-id=\"17276\"  src=\"https:\/\/affaires-sociales.gouv.cg\/site_dev\/wp-content\/uploads\/2023\/02\/298504712_430327382459712_6381918600701524314_n-1024x450.jpg\" alt=\"\" class=\"wp-image-17276\"\/><\/figure>\n\n\n\n<figure class=\"wp-block-image size-large\"><img decoding=\"async\" width=\"1024\" height=\"422\" data-id=\"17268\"  src=\"https:\/\/affaires-sociales.gouv.cg\/site_dev\/wp-content\/uploads\/2023\/02\/gabe2-1-1024x422.jpg\" alt=\"\" class=\"wp-image-17268\"\/><\/figure>\n\n\n\n<figure class=\"wp-block-image size-large\"><img loading=\"lazy\" decoding=\"async\" width=\"1024\" height=\"514\" data-id=\"17267\"  src=\"https:\/\/affaires-sociales.gouv.cg\/site_dev\/wp-content\/uploads\/2023\/02\/gabe1-1-1024x514.jpg\" alt=\"\" class=\"wp-image-17267\"\/><\/figure>\n<\/figure>\n\n\n\n<p><\/p>\n\n\n\n<p><\/p>\n\n\n\n<p><\/p>\n\n\n\n<p><\/p>\n\n\n\n<p><\/p>\n\n\n\n<p><\/p>\n","protected":false},"excerpt":{"rendered":"<p>CONTEN CONTENU<\/p>\n","protected":false},"author":4,"featured_media":17267,"comment_status":"open","ping_status":"open","sticky":false,"template":"","format":"standard","meta":[],"categories":[40],"tags":[],"yoast_head":"<!-- This site is optimized with the Yoast SEO plugin v20.8 - https:\/\/yoast.com\/wordpress\/plugins\/seo\/ -->\n<title>FORMATION - affaire-sociales<\/title>\n<meta name=\"robots\" content=\"index, follow, max-snippet:-1, max-image-preview:large, max-video-preview:-1\" \/>\n<link rel=\"canonical\" href=\"https:\/\/affaires-sociales.gouv.cg\/site_dev\/2023\/05\/30\/formation\/\" \/>\n<meta property=\"og:locale\" content=\"fr_FR\" \/>\n<meta property=\"og:type\" content=\"article\" \/>\n<meta property=\"og:title\" content=\"FORMATION - affaire-sociales\" \/>\n<meta property=\"og:description\" content=\"CONTEN CONTENU\" \/>\n<meta property=\"og:url\" content=\"https:\/\/affaires-sociales.gouv.cg\/site_dev\/2023\/05\/30\/formation\/\" \/>\n<meta property=\"og:site_name\" content=\"affaire-sociales\" \/>\n<meta property=\"article:publisher\" content=\"https:\/\/www.facebook.com\/people\/Ministre-Des-Affaires-Sociales-Et-De-Laction-Humanitaire\/100064473618465\/\" \/>\n<meta property=\"article:published_time\" content=\"2023-05-30T15:01:33+00:00\" \/>\n<meta property=\"article:modified_time\" content=\"2023-05-30T15:02:59+00:00\" \/>\n<meta property=\"og:image\" content=\"https:\/\/affaires-sociales.gouv.cg\/site_dev\/wp-content\/uploads\/2023\/02\/gabe1-1.jpg\" \/>\n\t<meta property=\"og:image:width\" content=\"1350\" \/>\n\t<meta property=\"og:image:height\" content=\"678\" \/>\n\t<meta property=\"og:image:type\" content=\"image\/jpeg\" \/>\n<meta name=\"author\" content=\"dircom dircom\" \/>\n<meta name=\"twitter:card\" content=\"summary_large_image\" \/>\n<meta name=\"twitter:creator\" content=\"@aff_sociales_cg\" \/>\n<meta name=\"twitter:site\" content=\"@aff_sociales_cg\" \/>\n<meta name=\"twitter:label1\" content=\"\u00c9crit par\" \/>\n\t<meta name=\"twitter:data1\" content=\"dircom dircom\" \/>\n\t<meta name=\"twitter:label2\" content=\"Dur\u00e9e de lecture estim\u00e9e\" \/>\n\t<meta name=\"twitter:data2\" content=\"1 minute\" \/>\n<script type=\"application\/ld+json\" class=\"yoast-schema-graph\">{\"@context\":\"https:\/\/schema.org\",\"@graph\":[{\"@type\":\"Article\",\"@id\":\"https:\/\/affaires-sociales.gouv.cg\/site_dev\/2023\/05\/30\/formation\/#article\",\"isPartOf\":{\"@id\":\"https:\/\/affaires-sociales.gouv.cg\/site_dev\/2023\/05\/30\/formation\/\"},\"author\":{\"name\":\"dircom dircom\",\"@id\":\"https:\/\/affaires-sociales.gouv.cg\/site_dev\/#\/schema\/person\/6cd98541e8bb2ca41b98f6a002939326\"},\"headline\":\"FORMATION\",\"datePublished\":\"2023-05-30T15:01:33+00:00\",\"dateModified\":\"2023-05-30T15:02:59+00:00\",\"mainEntityOfPage\":{\"@id\":\"https:\/\/affaires-sociales.gouv.cg\/site_dev\/2023\/05\/30\/formation\/\"},\"wordCount\":3,\"commentCount\":0,\"publisher\":{\"@id\":\"https:\/\/affaires-sociales.gouv.cg\/site_dev\/#organization\"},\"articleSection\":[\"nouvelle article\"],\"inLanguage\":\"fr-FR\",\"potentialAction\":[{\"@type\":\"CommentAction\",\"name\":\"Comment\",\"target\":[\"https:\/\/affaires-sociales.gouv.cg\/site_dev\/2023\/05\/30\/formation\/#respond\"]}]},{\"@type\":\"WebPage\",\"@id\":\"https:\/\/affaires-sociales.gouv.cg\/site_dev\/2023\/05\/30\/formation\/\",\"url\":\"https:\/\/affaires-sociales.gouv.cg\/site_dev\/2023\/05\/30\/formation\/\",\"name\":\"FORMATION - affaire-sociales\",\"isPartOf\":{\"@id\":\"https:\/\/affaires-sociales.gouv.cg\/site_dev\/#website\"},\"datePublished\":\"2023-05-30T15:01:33+00:00\",\"dateModified\":\"2023-05-30T15:02:59+00:00\",\"breadcrumb\":{\"@id\":\"https:\/\/affaires-sociales.gouv.cg\/site_dev\/2023\/05\/30\/formation\/#breadcrumb\"},\"inLanguage\":\"fr-FR\",\"potentialAction\":[{\"@type\":\"ReadAction\",\"target\":[\"https:\/\/affaires-sociales.gouv.cg\/site_dev\/2023\/05\/30\/formation\/\"]}]},{\"@type\":\"BreadcrumbList\",\"@id\":\"https:\/\/affaires-sociales.gouv.cg\/site_dev\/2023\/05\/30\/formation\/#breadcrumb\",\"itemListElement\":[{\"@type\":\"ListItem\",\"position\":1,\"name\":\"Accueil\",\"item\":\"https:\/\/affaires-sociales.gouv.cg\/site_dev\/\"},{\"@type\":\"ListItem\",\"position\":2,\"name\":\"FORMATION\"}]},{\"@type\":\"WebSite\",\"@id\":\"https:\/\/affaires-sociales.gouv.cg\/site_dev\/#website\",\"url\":\"https:\/\/affaires-sociales.gouv.cg\/site_dev\/\",\"name\":\"affaires-sociales\",\"description\":\"Un site utilisant WordPress\",\"publisher\":{\"@id\":\"https:\/\/affaires-sociales.gouv.cg\/site_dev\/#organization\"},\"potentialAction\":[{\"@type\":\"SearchAction\",\"target\":{\"@type\":\"EntryPoint\",\"urlTemplate\":\"https:\/\/affaires-sociales.gouv.cg\/site_dev\/?s={search_term_string}\"},\"query-input\":\"required name=search_term_string\"}],\"inLanguage\":\"fr-FR\"},{\"@type\":\"Organization\",\"@id\":\"https:\/\/affaires-sociales.gouv.cg\/site_dev\/#organization\",\"name\":\"minist\u00e8re des affaires-sociales, de la solidarit\u00e9 et de l'Action Humanitaire\",\"url\":\"https:\/\/affaires-sociales.gouv.cg\/site_dev\/\",\"logo\":{\"@type\":\"ImageObject\",\"inLanguage\":\"fr-FR\",\"@id\":\"https:\/\/affaires-sociales.gouv.cg\/site_dev\/#\/schema\/logo\/image\/\",\"url\":\"https:\/\/affaires-sociales.gouv.cg\/wp-content\/uploads\/2023\/01\/logogros.jpg\",\"contentUrl\":\"https:\/\/affaires-sociales.gouv.cg\/wp-content\/uploads\/2023\/01\/logogros.jpg\",\"width\":1376,\"height\":502,\"caption\":\"minist\u00e8re des affaires-sociales, de la solidarit\u00e9 et de l'Action Humanitaire\"},\"image\":{\"@id\":\"https:\/\/affaires-sociales.gouv.cg\/site_dev\/#\/schema\/logo\/image\/\"},\"sameAs\":[\"https:\/\/www.facebook.com\/people\/Ministre-Des-Affaires-Sociales-Et-De-Laction-Humanitaire\/100064473618465\/\",\"https:\/\/twitter.com\/aff_sociales_cg\"]},{\"@type\":\"Person\",\"@id\":\"https:\/\/affaires-sociales.gouv.cg\/site_dev\/#\/schema\/person\/6cd98541e8bb2ca41b98f6a002939326\",\"name\":\"dircom dircom\",\"image\":{\"@type\":\"ImageObject\",\"inLanguage\":\"fr-FR\",\"@id\":\"https:\/\/affaires-sociales.gouv.cg\/site_dev\/#\/schema\/person\/image\/\",\"url\":\"https:\/\/secure.gravatar.com\/avatar\/c7f09ee99f68360730781956654b5f51?s=96&d=mm&r=g\",\"contentUrl\":\"https:\/\/secure.gravatar.com\/avatar\/c7f09ee99f68360730781956654b5f51?s=96&d=mm&r=g\",\"caption\":\"dircom dircom\"},\"url\":\"https:\/\/affaires-sociales.gouv.cg\/site_dev\/author\/dircom\/\"}]}<\/script>\n<!-- \/ Yoast SEO plugin. -->","yoast_head_json":{"title":"FORMATION - affaire-sociales","robots":{"index":"index","follow":"follow","max-snippet":"max-snippet:-1","max-image-preview":"max-image-preview:large","max-video-preview":"max-video-preview:-1"},"canonical":"https:\/\/affaires-sociales.gouv.cg\/site_dev\/2023\/05\/30\/formation\/","og_locale":"fr_FR","og_type":"article","og_title":"FORMATION - affaire-sociales","og_description":"CONTEN CONTENU","og_url":"https:\/\/affaires-sociales.gouv.cg\/site_dev\/2023\/05\/30\/formation\/","og_site_name":"affaire-sociales","article_publisher":"https:\/\/www.facebook.com\/people\/Ministre-Des-Affaires-Sociales-Et-De-Laction-Humanitaire\/100064473618465\/","article_published_time":"2023-05-30T15:01:33+00:00","article_modified_time":"2023-05-30T15:02:59+00:00","og_image":[{"width":1350,"height":678,"url":"https:\/\/affaires-sociales.gouv.cg\/site_dev\/wp-content\/uploads\/2023\/02\/gabe1-1.jpg","type":"image\/jpeg"}],"author":"dircom dircom","twitter_card":"summary_large_image","twitter_creator":"@aff_sociales_cg","twitter_site":"@aff_sociales_cg","twitter_misc":{"\u00c9crit par":"dircom dircom","Dur\u00e9e de lecture estim\u00e9e":"1 minute"},"schema":{"@context":"https:\/\/schema.org","@graph":[{"@type":"Article","@id":"https:\/\/affaires-sociales.gouv.cg\/site_dev\/2023\/05\/30\/formation\/#article","isPartOf":{"@id":"https:\/\/affaires-sociales.gouv.cg\/site_dev\/2023\/05\/30\/formation\/"},"author":{"name":"dircom dircom","@id":"https:\/\/affaires-sociales.gouv.cg\/site_dev\/#\/schema\/person\/6cd98541e8bb2ca41b98f6a002939326"},"headline":"FORMATION","datePublished":"2023-05-30T15:01:33+00:00","dateModified":"2023-05-30T15:02:59+00:00","mainEntityOfPage":{"@id":"https:\/\/affaires-sociales.gouv.cg\/site_dev\/2023\/05\/30\/formation\/"},"wordCount":3,"commentCount":0,"publisher":{"@id":"https:\/\/affaires-sociales.gouv.cg\/site_dev\/#organization"},"articleSection":["nouvelle article"],"inLanguage":"fr-FR","potentialAction":[{"@type":"CommentAction","name":"Comment","target":["https:\/\/affaires-sociales.gouv.cg\/site_dev\/2023\/05\/30\/formation\/#respond"]}]},{"@type":"WebPage","@id":"https:\/\/affaires-sociales.gouv.cg\/site_dev\/2023\/05\/30\/formation\/","url":"https:\/\/affaires-sociales.gouv.cg\/site_dev\/2023\/05\/30\/formation\/","name":"FORMATION - affaire-sociales","isPartOf":{"@id":"https:\/\/affaires-sociales.gouv.cg\/site_dev\/#website"},"datePublished":"2023-05-30T15:01:33+00:00","dateModified":"2023-05-30T15:02:59+00:00","breadcrumb":{"@id":"https:\/\/affaires-sociales.gouv.cg\/site_dev\/2023\/05\/30\/formation\/#breadcrumb"},"inLanguage":"fr-FR","potentialAction":[{"@type":"ReadAction","target":["https:\/\/affaires-sociales.gouv.cg\/site_dev\/2023\/05\/30\/formation\/"]}]},{"@type":"BreadcrumbList","@id":"https:\/\/affaires-sociales.gouv.cg\/site_dev\/2023\/05\/30\/formation\/#breadcrumb","itemListElement":[{"@type":"ListItem","position":1,"name":"Accueil","item":"https:\/\/affaires-sociales.gouv.cg\/site_dev\/"},{"@type":"ListItem","position":2,"name":"FORMATION"}]},{"@type":"WebSite","@id":"https:\/\/affaires-sociales.gouv.cg\/site_dev\/#website","url":"https:\/\/affaires-sociales.gouv.cg\/site_dev\/","name":"affaires-sociales","description":"Un site utilisant WordPress","publisher":{"@id":"https:\/\/affaires-sociales.gouv.cg\/site_dev\/#organization"},"potentialAction":[{"@type":"SearchAction","target":{"@type":"EntryPoint","urlTemplate":"https:\/\/affaires-sociales.gouv.cg\/site_dev\/?s={search_term_string}"},"query-input":"required name=search_term_string"}],"inLanguage":"fr-FR"},{"@type":"Organization","@id":"https:\/\/affaires-sociales.gouv.cg\/site_dev\/#organization","name":"minist\u00e8re des affaires-sociales, de la solidarit\u00e9 et de l'Action Humanitaire","url":"https:\/\/affaires-sociales.gouv.cg\/site_dev\/","logo":{"@type":"ImageObject","inLanguage":"fr-FR","@id":"https:\/\/affaires-sociales.gouv.cg\/site_dev\/#\/schema\/logo\/image\/","url":"https:\/\/affaires-sociales.gouv.cg\/wp-content\/uploads\/2023\/01\/logogros.jpg","contentUrl":"https:\/\/affaires-sociales.gouv.cg\/wp-content\/uploads\/2023\/01\/logogros.jpg","width":1376,"height":502,"caption":"minist\u00e8re des affaires-sociales, de la solidarit\u00e9 et de l'Action Humanitaire"},"image":{"@id":"https:\/\/affaires-sociales.gouv.cg\/site_dev\/#\/schema\/logo\/image\/"},"sameAs":["https:\/\/www.facebook.com\/people\/Ministre-Des-Affaires-Sociales-Et-De-Laction-Humanitaire\/100064473618465\/","https:\/\/twitter.com\/aff_sociales_cg"]},{"@type":"Person","@id":"https:\/\/affaires-sociales.gouv.cg\/site_dev\/#\/schema\/person\/6cd98541e8bb2ca41b98f6a002939326","name":"dircom dircom","image":{"@type":"ImageObject","inLanguage":"fr-FR","@id":"https:\/\/affaires-sociales.gouv.cg\/site_dev\/#\/schema\/person\/image\/","url":"https:\/\/secure.gravatar.com\/avatar\/c7f09ee99f68360730781956654b5f51?s=96&d=mm&r=g","contentUrl":"https:\/\/secure.gravatar.com\/avatar\/c7f09ee99f68360730781956654b5f51?s=96&d=mm&r=g","caption":"dircom dircom"},"url":"https:\/\/affaires-sociales.gouv.cg\/site_dev\/author\/dircom\/"}]}},"rttpg_featured_image_url":{"full":["https:\/\/affaires-sociales.gouv.cg\/site_dev\/wp-content\/uploads\/2023\/02\/gabe1-1.jpg",1350,678,false],"landscape":["https:\/\/affaires-sociales.gouv.cg\/site_dev\/wp-content\/uploads\/2023\/02\/gabe1-1.jpg",1350,678,false],"portraits":["https:\/\/affaires-sociales.gouv.cg\/site_dev\/wp-content\/uploads\/2023\/02\/gabe1-1.jpg",1350,678,false],"thumbnail":["https:\/\/affaires-sociales.gouv.cg\/site_dev\/wp-content\/uploads\/2023\/02\/gabe1-1-150x150.jpg",150,150,true],"medium":["https:\/\/affaires-sociales.gouv.cg\/site_dev\/wp-content\/uploads\/2023\/02\/gabe1-1-300x151.jpg",300,151,true],"large":["https:\/\/affaires-sociales.gouv.cg\/site_dev\/wp-content\/uploads\/2023\/02\/gabe1-1-1024x514.jpg",1024,514,true],"1536x1536":["https:\/\/affaires-sociales.gouv.cg\/site_dev\/wp-content\/uploads\/2023\/02\/gabe1-1.jpg",1350,678,false],"2048x2048":["https:\/\/affaires-sociales.gouv.cg\/site_dev\/wp-content\/uploads\/2023\/02\/gabe1-1.jpg",1350,678,false],"ultp_layout_landscape_large":["https:\/\/affaires-sociales.gouv.cg\/site_dev\/wp-content\/uploads\/2023\/02\/gabe1-1-1200x678.jpg",1200,678,true],"ultp_layout_landscape":["https:\/\/affaires-sociales.gouv.cg\/site_dev\/wp-content\/uploads\/2023\/02\/gabe1-1-870x570.jpg",870,570,true],"ultp_layout_portrait":["https:\/\/affaires-sociales.gouv.cg\/site_dev\/wp-content\/uploads\/2023\/02\/gabe1-1-600x678.jpg",600,678,true],"ultp_layout_square":["https:\/\/affaires-sociales.gouv.cg\/site_dev\/wp-content\/uploads\/2023\/02\/gabe1-1-600x600.jpg",600,600,true],"portfolio-square":["https:\/\/affaires-sociales.gouv.cg\/site_dev\/wp-content\/uploads\/2023\/02\/gabe1-1-570x570.jpg",570,570,true],"portfolio-portrait":["https:\/\/affaires-sociales.gouv.cg\/site_dev\/wp-content\/uploads\/2023\/02\/gabe1-1-600x678.jpg",600,678,true],"portfolio-landscape":["https:\/\/affaires-sociales.gouv.cg\/site_dev\/wp-content\/uploads\/2023\/02\/gabe1-1-800x600.jpg",800,600,true],"menu-featured-post":["https:\/\/affaires-sociales.gouv.cg\/site_dev\/wp-content\/uploads\/2023\/02\/gabe1-1-345x198.jpg",345,198,true],"qode-carousel_slider":["https:\/\/affaires-sociales.gouv.cg\/site_dev\/wp-content\/uploads\/2023\/02\/gabe1-1-400x260.jpg",400,260,true],"portfolio_slider":["https:\/\/affaires-sociales.gouv.cg\/site_dev\/wp-content\/uploads\/2023\/02\/gabe1-1-500x380.jpg",500,380,true],"portfolio_masonry_regular":["https:\/\/affaires-sociales.gouv.cg\/site_dev\/wp-content\/uploads\/2023\/02\/gabe1-1-500x500.jpg",500,500,true],"portfolio_masonry_wide":["https:\/\/affaires-sociales.gouv.cg\/site_dev\/wp-content\/uploads\/2023\/02\/gabe1-1-1000x500.jpg",1000,500,true],"portfolio_masonry_tall":["https:\/\/affaires-sociales.gouv.cg\/site_dev\/wp-content\/uploads\/2023\/02\/gabe1-1-500x678.jpg",500,678,true],"portfolio_masonry_large":["https:\/\/affaires-sociales.gouv.cg\/site_dev\/wp-content\/uploads\/2023\/02\/gabe1-1-1000x678.jpg",1000,678,true],"portfolio_masonry_with_space":["https:\/\/affaires-sociales.gouv.cg\/site_dev\/wp-content\/uploads\/2023\/02\/gabe1-1-700x352.jpg",700,352,true],"latest_post_boxes":["https:\/\/affaires-sociales.gouv.cg\/site_dev\/wp-content\/uploads\/2023\/02\/gabe1-1-539x303.jpg",539,303,true]},"rttpg_author":{"display_name":"dircom dircom","author_link":"https:\/\/affaires-sociales.gouv.cg\/site_dev\/author\/dircom\/"},"rttpg_comment":0,"rttpg_category":"<a href=\"https:\/\/affaires-sociales.gouv.cg\/site_dev\/category\/nouvelle-article\/\" rel=\"category tag\">nouvelle article<\/a>","rttpg_excerpt":"CONTEN CONTENU","_links":{"self":[{"href":"https:\/\/affaires-sociales.gouv.cg\/site_dev\/wp-json\/wp\/v2\/posts\/17681"}],"collection":[{"href":"https:\/\/affaires-sociales.gouv.cg\/site_dev\/wp-json\/wp\/v2\/posts"}],"about":[{"href":"https:\/\/affaires-sociales.gouv.cg\/site_dev\/wp-json\/wp\/v2\/types\/post"}],"author":[{"embeddable":true,"href":"https:\/\/affaires-sociales.gouv.cg\/site_dev\/wp-json\/wp\/v2\/users\/4"}],"replies":[{"embeddable":true,"href":"https:\/\/affaires-sociales.gouv.cg\/site_dev\/wp-json\/wp\/v2\/comments?post=17681"}],"version-history":[{"count":1,"href":"https:\/\/affaires-sociales.gouv.cg\/site_dev\/wp-json\/wp\/v2\/posts\/17681\/revisions"}],"predecessor-version":[{"id":17682,"href":"https:\/\/affaires-sociales.gouv.cg\/site_dev\/wp-json\/wp\/v2\/posts\/17681\/revisions\/17682"}],"wp:featuredmedia":[{"embeddable":true,"href":"https:\/\/affaires-sociales.gouv.cg\/site_dev\/wp-json\/wp\/v2\/media\/17267"}],"wp:attachment":[{"href":"https:\/\/affaires-sociales.gouv.cg\/site_dev\/wp-json\/wp\/v2\/media?parent=17681"}],"wp:term":[{"taxonomy":"category","embeddable":true,"href":"https:\/\/affaires-sociales.gouv.cg\/site_dev\/wp-json\/wp\/v2\/categories?post=17681"},{"taxonomy":"post_tag","embeddable":true,"href":"https:\/\/affaires-sociales.gouv.cg\/site_dev\/wp-json\/wp\/v2\/tags?post=17681"}],"curies":[{"name":"wp","href":"https:\/\/api.w.org\/{rel}","templated":true}]}}