{"id":17309,"date":"2023-02-28T15:26:30","date_gmt":"2023-02-28T14:26:30","guid":{"rendered":"https:\/\/affaires-sociales.gouv.cg\/site_dev\/?p=17309"},"modified":"2023-02-28T15:26:32","modified_gmt":"2023-02-28T14:26:32","slug":"lassistance-humanitaire-aux-populations-sinistrees-des-inondations-de-la-localite-de-mossaka-dans-la-cuvette","status":"publish","type":"post","link":"https:\/\/affaires-sociales.gouv.cg\/site_dev\/2023\/02\/28\/lassistance-humanitaire-aux-populations-sinistrees-des-inondations-de-la-localite-de-mossaka-dans-la-cuvette\/","title":{"rendered":"l&rsquo;assistance humanitaire aux populations sinistr\u00e9es des inondations de la localit\u00e9 de Mossaka dans la Cuvette"},"content":{"rendered":"\n<p>Madame le ministre des affaires sociales et de l&rsquo;action humanitaire a apport\u00e9 ce mercredi 13 avril l&rsquo;assistance humanitaire aux populations sinistr\u00e9es des inondations de la localit\u00e9 de Mossaka dans la Cuvette.<\/p>\n\n\n\n<figure class=\"wp-block-gallery has-nested-images columns-default is-cropped wp-block-gallery-1 is-layout-flex\">\n<figure class=\"wp-block-image size-large\"><img fetchpriority=\"high\" decoding=\"async\" width=\"1024\" height=\"683\" data-id=\"17314\"  src=\"https:\/\/affaires-sociales.gouv.cg\/site_dev\/wp-content\/uploads\/2023\/02\/a-1-1024x683.jpg\" alt=\"\" class=\"wp-image-17314\"\/><\/figure>\n\n\n\n<figure class=\"wp-block-image size-large\"><img decoding=\"async\" width=\"1024\" height=\"683\" data-id=\"17315\"  src=\"https:\/\/affaires-sociales.gouv.cg\/site_dev\/wp-content\/uploads\/2023\/02\/A1-1-1024x683.jpg\" alt=\"\" class=\"wp-image-17315\"\/><\/figure>\n\n\n\n<figure class=\"wp-block-image size-large\"><img decoding=\"async\" width=\"1024\" height=\"683\" data-id=\"17316\"  src=\"https:\/\/affaires-sociales.gouv.cg\/site_dev\/wp-content\/uploads\/2023\/02\/s-1-1024x683.jpg\" alt=\"\" class=\"wp-image-17316\"\/><\/figure>\n\n\n\n<figure class=\"wp-block-image size-large\"><img loading=\"lazy\" decoding=\"async\" width=\"1024\" height=\"683\" data-id=\"17317\"  src=\"https:\/\/affaires-sociales.gouv.cg\/site_dev\/wp-content\/uploads\/2023\/02\/s1-1-1024x683.jpg\" alt=\"\" class=\"wp-image-17317\"\/><\/figure>\n<\/figure>\n","protected":false},"excerpt":{"rendered":"<p>Madame le ministre des affaires sociales et de l&rsquo;action humanitaire a apport\u00e9 ce mercredi 13 avril l&rsquo;assistance humanitaire aux populations sinistr\u00e9es des inondations de la localit\u00e9 de Mossaka dans la Cuvette.<\/p>\n","protected":false},"author":1,"featured_media":17315,"comment_status":"open","ping_status":"open","sticky":false,"template":"","format":"standard","meta":[],"categories":[40,6],"tags":[],"yoast_head":"<!-- This site is optimized with the Yoast SEO plugin v20.8 - https:\/\/yoast.com\/wordpress\/plugins\/seo\/ -->\n<title>l&#039;assistance humanitaire aux populations sinistr\u00e9es des inondations de la localit\u00e9 de Mossaka dans la Cuvette - affaire-sociales<\/title>\n<meta name=\"robots\" content=\"index, follow, max-snippet:-1, max-image-preview:large, max-video-preview:-1\" \/>\n<link rel=\"canonical\" href=\"https:\/\/affaires-sociales.gouv.cg\/site_dev\/2023\/02\/28\/lassistance-humanitaire-aux-populations-sinistrees-des-inondations-de-la-localite-de-mossaka-dans-la-cuvette\/\" \/>\n<meta property=\"og:locale\" content=\"fr_FR\" \/>\n<meta property=\"og:type\" content=\"article\" \/>\n<meta property=\"og:title\" content=\"l&#039;assistance humanitaire aux populations sinistr\u00e9es des inondations de la localit\u00e9 de Mossaka dans la Cuvette - affaire-sociales\" \/>\n<meta property=\"og:description\" content=\"Madame le ministre des affaires sociales et de l&rsquo;action humanitaire a apport\u00e9 ce mercredi 13 avril l&rsquo;assistance humanitaire aux populations sinistr\u00e9es des inondations de la localit\u00e9 de Mossaka dans la Cuvette.\" \/>\n<meta property=\"og:url\" content=\"https:\/\/affaires-sociales.gouv.cg\/site_dev\/2023\/02\/28\/lassistance-humanitaire-aux-populations-sinistrees-des-inondations-de-la-localite-de-mossaka-dans-la-cuvette\/\" \/>\n<meta property=\"og:site_name\" content=\"affaire-sociales\" \/>\n<meta property=\"article:publisher\" content=\"https:\/\/www.facebook.com\/people\/Ministre-Des-Affaires-Sociales-Et-De-Laction-Humanitaire\/100064473618465\/\" \/>\n<meta property=\"article:published_time\" content=\"2023-02-28T14:26:30+00:00\" \/>\n<meta property=\"article:modified_time\" content=\"2023-02-28T14:26:32+00:00\" \/>\n<meta property=\"og:image\" content=\"https:\/\/affaires-sociales.gouv.cg\/site_dev\/wp-content\/uploads\/2023\/02\/A1-1.jpg\" \/>\n\t<meta property=\"og:image:width\" content=\"1080\" \/>\n\t<meta property=\"og:image:height\" content=\"720\" \/>\n\t<meta property=\"og:image:type\" content=\"image\/jpeg\" \/>\n<meta name=\"author\" content=\"admin_sociales\" \/>\n<meta name=\"twitter:card\" content=\"summary_large_image\" \/>\n<meta name=\"twitter:creator\" content=\"@aff_sociales_cg\" \/>\n<meta name=\"twitter:site\" content=\"@aff_sociales_cg\" \/>\n<meta name=\"twitter:label1\" content=\"\u00c9crit par\" \/>\n\t<meta name=\"twitter:data1\" content=\"admin_sociales\" \/>\n\t<meta name=\"twitter:label2\" content=\"Dur\u00e9e de lecture estim\u00e9e\" \/>\n\t<meta name=\"twitter:data2\" content=\"1 minute\" \/>\n<script type=\"application\/ld+json\" class=\"yoast-schema-graph\">{\"@context\":\"https:\/\/schema.org\",\"@graph\":[{\"@type\":\"Article\",\"@id\":\"https:\/\/affaires-sociales.gouv.cg\/site_dev\/2023\/02\/28\/lassistance-humanitaire-aux-populations-sinistrees-des-inondations-de-la-localite-de-mossaka-dans-la-cuvette\/#article\",\"isPartOf\":{\"@id\":\"https:\/\/affaires-sociales.gouv.cg\/site_dev\/2023\/02\/28\/lassistance-humanitaire-aux-populations-sinistrees-des-inondations-de-la-localite-de-mossaka-dans-la-cuvette\/\"},\"author\":{\"name\":\"admin_sociales\",\"@id\":\"https:\/\/affaires-sociales.gouv.cg\/site_dev\/#\/schema\/person\/0ecc8192a3f70ba6baf0c26cf39848f6\"},\"headline\":\"l&rsquo;assistance humanitaire aux populations sinistr\u00e9es des inondations de la localit\u00e9 de Mossaka dans la Cuvette\",\"datePublished\":\"2023-02-28T14:26:30+00:00\",\"dateModified\":\"2023-02-28T14:26:32+00:00\",\"mainEntityOfPage\":{\"@id\":\"https:\/\/affaires-sociales.gouv.cg\/site_dev\/2023\/02\/28\/lassistance-humanitaire-aux-populations-sinistrees-des-inondations-de-la-localite-de-mossaka-dans-la-cuvette\/\"},\"wordCount\":50,\"commentCount\":0,\"publisher\":{\"@id\":\"https:\/\/affaires-sociales.gouv.cg\/site_dev\/#organization\"},\"articleSection\":[\"nouvelle article\",\"Photography\"],\"inLanguage\":\"fr-FR\",\"potentialAction\":[{\"@type\":\"CommentAction\",\"name\":\"Comment\",\"target\":[\"https:\/\/affaires-sociales.gouv.cg\/site_dev\/2023\/02\/28\/lassistance-humanitaire-aux-populations-sinistrees-des-inondations-de-la-localite-de-mossaka-dans-la-cuvette\/#respond\"]}]},{\"@type\":\"WebPage\",\"@id\":\"https:\/\/affaires-sociales.gouv.cg\/site_dev\/2023\/02\/28\/lassistance-humanitaire-aux-populations-sinistrees-des-inondations-de-la-localite-de-mossaka-dans-la-cuvette\/\",\"url\":\"https:\/\/affaires-sociales.gouv.cg\/site_dev\/2023\/02\/28\/lassistance-humanitaire-aux-populations-sinistrees-des-inondations-de-la-localite-de-mossaka-dans-la-cuvette\/\",\"name\":\"l'assistance humanitaire aux populations sinistr\u00e9es des inondations de la localit\u00e9 de Mossaka dans la Cuvette - affaire-sociales\",\"isPartOf\":{\"@id\":\"https:\/\/affaires-sociales.gouv.cg\/site_dev\/#website\"},\"datePublished\":\"2023-02-28T14:26:30+00:00\",\"dateModified\":\"2023-02-28T14:26:32+00:00\",\"breadcrumb\":{\"@id\":\"https:\/\/affaires-sociales.gouv.cg\/site_dev\/2023\/02\/28\/lassistance-humanitaire-aux-populations-sinistrees-des-inondations-de-la-localite-de-mossaka-dans-la-cuvette\/#breadcrumb\"},\"inLanguage\":\"fr-FR\",\"potentialAction\":[{\"@type\":\"ReadAction\",\"target\":[\"https:\/\/affaires-sociales.gouv.cg\/site_dev\/2023\/02\/28\/lassistance-humanitaire-aux-populations-sinistrees-des-inondations-de-la-localite-de-mossaka-dans-la-cuvette\/\"]}]},{\"@type\":\"BreadcrumbList\",\"@id\":\"https:\/\/affaires-sociales.gouv.cg\/site_dev\/2023\/02\/28\/lassistance-humanitaire-aux-populations-sinistrees-des-inondations-de-la-localite-de-mossaka-dans-la-cuvette\/#breadcrumb\",\"itemListElement\":[{\"@type\":\"ListItem\",\"position\":1,\"name\":\"Accueil\",\"item\":\"https:\/\/affaires-sociales.gouv.cg\/site_dev\/\"},{\"@type\":\"ListItem\",\"position\":2,\"name\":\"l&rsquo;assistance humanitaire aux populations sinistr\u00e9es des inondations de la localit\u00e9 de Mossaka dans la Cuvette\"}]},{\"@type\":\"WebSite\",\"@id\":\"https:\/\/affaires-sociales.gouv.cg\/site_dev\/#website\",\"url\":\"https:\/\/affaires-sociales.gouv.cg\/site_dev\/\",\"name\":\"affaires-sociales\",\"description\":\"Un site utilisant WordPress\",\"publisher\":{\"@id\":\"https:\/\/affaires-sociales.gouv.cg\/site_dev\/#organization\"},\"potentialAction\":[{\"@type\":\"SearchAction\",\"target\":{\"@type\":\"EntryPoint\",\"urlTemplate\":\"https:\/\/affaires-sociales.gouv.cg\/site_dev\/?s={search_term_string}\"},\"query-input\":\"required name=search_term_string\"}],\"inLanguage\":\"fr-FR\"},{\"@type\":\"Organization\",\"@id\":\"https:\/\/affaires-sociales.gouv.cg\/site_dev\/#organization\",\"name\":\"minist\u00e8re des affaires-sociales, de la solidarit\u00e9 et de l'Action Humanitaire\",\"url\":\"https:\/\/affaires-sociales.gouv.cg\/site_dev\/\",\"logo\":{\"@type\":\"ImageObject\",\"inLanguage\":\"fr-FR\",\"@id\":\"https:\/\/affaires-sociales.gouv.cg\/site_dev\/#\/schema\/logo\/image\/\",\"url\":\"https:\/\/affaires-sociales.gouv.cg\/wp-content\/uploads\/2023\/01\/logogros.jpg\",\"contentUrl\":\"https:\/\/affaires-sociales.gouv.cg\/wp-content\/uploads\/2023\/01\/logogros.jpg\",\"width\":1376,\"height\":502,\"caption\":\"minist\u00e8re des affaires-sociales, de la solidarit\u00e9 et de l'Action Humanitaire\"},\"image\":{\"@id\":\"https:\/\/affaires-sociales.gouv.cg\/site_dev\/#\/schema\/logo\/image\/\"},\"sameAs\":[\"https:\/\/www.facebook.com\/people\/Ministre-Des-Affaires-Sociales-Et-De-Laction-Humanitaire\/100064473618465\/\",\"https:\/\/twitter.com\/aff_sociales_cg\"]},{\"@type\":\"Person\",\"@id\":\"https:\/\/affaires-sociales.gouv.cg\/site_dev\/#\/schema\/person\/0ecc8192a3f70ba6baf0c26cf39848f6\",\"name\":\"admin_sociales\",\"image\":{\"@type\":\"ImageObject\",\"inLanguage\":\"fr-FR\",\"@id\":\"https:\/\/affaires-sociales.gouv.cg\/site_dev\/#\/schema\/person\/image\/\",\"url\":\"https:\/\/secure.gravatar.com\/avatar\/c7f09ee99f68360730781956654b5f51?s=96&d=mm&r=g\",\"contentUrl\":\"https:\/\/secure.gravatar.com\/avatar\/c7f09ee99f68360730781956654b5f51?s=96&d=mm&r=g\",\"caption\":\"admin_sociales\"},\"sameAs\":[\"https:\/\/affaires-sociales.gouv.cg\/site_dev\"],\"url\":\"https:\/\/affaires-sociales.gouv.cg\/site_dev\/author\/admin_sociales\/\"}]}<\/script>\n<!-- \/ Yoast SEO plugin. -->","yoast_head_json":{"title":"l'assistance humanitaire aux populations sinistr\u00e9es des inondations de la localit\u00e9 de Mossaka dans la Cuvette - affaire-sociales","robots":{"index":"index","follow":"follow","max-snippet":"max-snippet:-1","max-image-preview":"max-image-preview:large","max-video-preview":"max-video-preview:-1"},"canonical":"https:\/\/affaires-sociales.gouv.cg\/site_dev\/2023\/02\/28\/lassistance-humanitaire-aux-populations-sinistrees-des-inondations-de-la-localite-de-mossaka-dans-la-cuvette\/","og_locale":"fr_FR","og_type":"article","og_title":"l'assistance humanitaire aux populations sinistr\u00e9es des inondations de la localit\u00e9 de Mossaka dans la Cuvette - affaire-sociales","og_description":"Madame le ministre des affaires sociales et de l&rsquo;action humanitaire a apport\u00e9 ce mercredi 13 avril l&rsquo;assistance humanitaire aux populations sinistr\u00e9es des inondations de la localit\u00e9 de Mossaka dans la Cuvette.","og_url":"https:\/\/affaires-sociales.gouv.cg\/site_dev\/2023\/02\/28\/lassistance-humanitaire-aux-populations-sinistrees-des-inondations-de-la-localite-de-mossaka-dans-la-cuvette\/","og_site_name":"affaire-sociales","article_publisher":"https:\/\/www.facebook.com\/people\/Ministre-Des-Affaires-Sociales-Et-De-Laction-Humanitaire\/100064473618465\/","article_published_time":"2023-02-28T14:26:30+00:00","article_modified_time":"2023-02-28T14:26:32+00:00","og_image":[{"width":1080,"height":720,"url":"https:\/\/affaires-sociales.gouv.cg\/site_dev\/wp-content\/uploads\/2023\/02\/A1-1.jpg","type":"image\/jpeg"}],"author":"admin_sociales","twitter_card":"summary_large_image","twitter_creator":"@aff_sociales_cg","twitter_site":"@aff_sociales_cg","twitter_misc":{"\u00c9crit par":"admin_sociales","Dur\u00e9e de lecture estim\u00e9e":"1 minute"},"schema":{"@context":"https:\/\/schema.org","@graph":[{"@type":"Article","@id":"https:\/\/affaires-sociales.gouv.cg\/site_dev\/2023\/02\/28\/lassistance-humanitaire-aux-populations-sinistrees-des-inondations-de-la-localite-de-mossaka-dans-la-cuvette\/#article","isPartOf":{"@id":"https:\/\/affaires-sociales.gouv.cg\/site_dev\/2023\/02\/28\/lassistance-humanitaire-aux-populations-sinistrees-des-inondations-de-la-localite-de-mossaka-dans-la-cuvette\/"},"author":{"name":"admin_sociales","@id":"https:\/\/affaires-sociales.gouv.cg\/site_dev\/#\/schema\/person\/0ecc8192a3f70ba6baf0c26cf39848f6"},"headline":"l&rsquo;assistance humanitaire aux populations sinistr\u00e9es des inondations de la localit\u00e9 de Mossaka dans la Cuvette","datePublished":"2023-02-28T14:26:30+00:00","dateModified":"2023-02-28T14:26:32+00:00","mainEntityOfPage":{"@id":"https:\/\/affaires-sociales.gouv.cg\/site_dev\/2023\/02\/28\/lassistance-humanitaire-aux-populations-sinistrees-des-inondations-de-la-localite-de-mossaka-dans-la-cuvette\/"},"wordCount":50,"commentCount":0,"publisher":{"@id":"https:\/\/affaires-sociales.gouv.cg\/site_dev\/#organization"},"articleSection":["nouvelle article","Photography"],"inLanguage":"fr-FR","potentialAction":[{"@type":"CommentAction","name":"Comment","target":["https:\/\/affaires-sociales.gouv.cg\/site_dev\/2023\/02\/28\/lassistance-humanitaire-aux-populations-sinistrees-des-inondations-de-la-localite-de-mossaka-dans-la-cuvette\/#respond"]}]},{"@type":"WebPage","@id":"https:\/\/affaires-sociales.gouv.cg\/site_dev\/2023\/02\/28\/lassistance-humanitaire-aux-populations-sinistrees-des-inondations-de-la-localite-de-mossaka-dans-la-cuvette\/","url":"https:\/\/affaires-sociales.gouv.cg\/site_dev\/2023\/02\/28\/lassistance-humanitaire-aux-populations-sinistrees-des-inondations-de-la-localite-de-mossaka-dans-la-cuvette\/","name":"l'assistance humanitaire aux populations sinistr\u00e9es des inondations de la localit\u00e9 de Mossaka dans la Cuvette - affaire-sociales","isPartOf":{"@id":"https:\/\/affaires-sociales.gouv.cg\/site_dev\/#website"},"datePublished":"2023-02-28T14:26:30+00:00","dateModified":"2023-02-28T14:26:32+00:00","breadcrumb":{"@id":"https:\/\/affaires-sociales.gouv.cg\/site_dev\/2023\/02\/28\/lassistance-humanitaire-aux-populations-sinistrees-des-inondations-de-la-localite-de-mossaka-dans-la-cuvette\/#breadcrumb"},"inLanguage":"fr-FR","potentialAction":[{"@type":"ReadAction","target":["https:\/\/affaires-sociales.gouv.cg\/site_dev\/2023\/02\/28\/lassistance-humanitaire-aux-populations-sinistrees-des-inondations-de-la-localite-de-mossaka-dans-la-cuvette\/"]}]},{"@type":"BreadcrumbList","@id":"https:\/\/affaires-sociales.gouv.cg\/site_dev\/2023\/02\/28\/lassistance-humanitaire-aux-populations-sinistrees-des-inondations-de-la-localite-de-mossaka-dans-la-cuvette\/#breadcrumb","itemListElement":[{"@type":"ListItem","position":1,"name":"Accueil","item":"https:\/\/affaires-sociales.gouv.cg\/site_dev\/"},{"@type":"ListItem","position":2,"name":"l&rsquo;assistance humanitaire aux populations sinistr\u00e9es des inondations de la localit\u00e9 de Mossaka dans la Cuvette"}]},{"@type":"WebSite","@id":"https:\/\/affaires-sociales.gouv.cg\/site_dev\/#website","url":"https:\/\/affaires-sociales.gouv.cg\/site_dev\/","name":"affaires-sociales","description":"Un site utilisant WordPress","publisher":{"@id":"https:\/\/affaires-sociales.gouv.cg\/site_dev\/#organization"},"potentialAction":[{"@type":"SearchAction","target":{"@type":"EntryPoint","urlTemplate":"https:\/\/affaires-sociales.gouv.cg\/site_dev\/?s={search_term_string}"},"query-input":"required name=search_term_string"}],"inLanguage":"fr-FR"},{"@type":"Organization","@id":"https:\/\/affaires-sociales.gouv.cg\/site_dev\/#organization","name":"minist\u00e8re des affaires-sociales, de la solidarit\u00e9 et de l'Action Humanitaire","url":"https:\/\/affaires-sociales.gouv.cg\/site_dev\/","logo":{"@type":"ImageObject","inLanguage":"fr-FR","@id":"https:\/\/affaires-sociales.gouv.cg\/site_dev\/#\/schema\/logo\/image\/","url":"https:\/\/affaires-sociales.gouv.cg\/wp-content\/uploads\/2023\/01\/logogros.jpg","contentUrl":"https:\/\/affaires-sociales.gouv.cg\/wp-content\/uploads\/2023\/01\/logogros.jpg","width":1376,"height":502,"caption":"minist\u00e8re des affaires-sociales, de la solidarit\u00e9 et de l'Action Humanitaire"},"image":{"@id":"https:\/\/affaires-sociales.gouv.cg\/site_dev\/#\/schema\/logo\/image\/"},"sameAs":["https:\/\/www.facebook.com\/people\/Ministre-Des-Affaires-Sociales-Et-De-Laction-Humanitaire\/100064473618465\/","https:\/\/twitter.com\/aff_sociales_cg"]},{"@type":"Person","@id":"https:\/\/affaires-sociales.gouv.cg\/site_dev\/#\/schema\/person\/0ecc8192a3f70ba6baf0c26cf39848f6","name":"admin_sociales","image":{"@type":"ImageObject","inLanguage":"fr-FR","@id":"https:\/\/affaires-sociales.gouv.cg\/site_dev\/#\/schema\/person\/image\/","url":"https:\/\/secure.gravatar.com\/avatar\/c7f09ee99f68360730781956654b5f51?s=96&d=mm&r=g","contentUrl":"https:\/\/secure.gravatar.com\/avatar\/c7f09ee99f68360730781956654b5f51?s=96&d=mm&r=g","caption":"admin_sociales"},"sameAs":["https:\/\/affaires-sociales.gouv.cg\/site_dev"],"url":"https:\/\/affaires-sociales.gouv.cg\/site_dev\/author\/admin_sociales\/"}]}},"rttpg_featured_image_url":{"full":["https:\/\/affaires-sociales.gouv.cg\/site_dev\/wp-content\/uploads\/2023\/02\/A1-1.jpg",1080,720,false],"landscape":["https:\/\/affaires-sociales.gouv.cg\/site_dev\/wp-content\/uploads\/2023\/02\/A1-1.jpg",1080,720,false],"portraits":["https:\/\/affaires-sociales.gouv.cg\/site_dev\/wp-content\/uploads\/2023\/02\/A1-1.jpg",1080,720,false],"thumbnail":["https:\/\/affaires-sociales.gouv.cg\/site_dev\/wp-content\/uploads\/2023\/02\/A1-1-150x150.jpg",150,150,true],"medium":["https:\/\/affaires-sociales.gouv.cg\/site_dev\/wp-content\/uploads\/2023\/02\/A1-1-300x200.jpg",300,200,true],"large":["https:\/\/affaires-sociales.gouv.cg\/site_dev\/wp-content\/uploads\/2023\/02\/A1-1-1024x683.jpg",1024,683,true],"1536x1536":["https:\/\/affaires-sociales.gouv.cg\/site_dev\/wp-content\/uploads\/2023\/02\/A1-1.jpg",1080,720,false],"2048x2048":["https:\/\/affaires-sociales.gouv.cg\/site_dev\/wp-content\/uploads\/2023\/02\/A1-1.jpg",1080,720,false],"ultp_layout_landscape_large":["https:\/\/affaires-sociales.gouv.cg\/site_dev\/wp-content\/uploads\/2023\/02\/A1-1.jpg",1080,720,false],"ultp_layout_landscape":["https:\/\/affaires-sociales.gouv.cg\/site_dev\/wp-content\/uploads\/2023\/02\/A1-1-870x570.jpg",870,570,true],"ultp_layout_portrait":["https:\/\/affaires-sociales.gouv.cg\/site_dev\/wp-content\/uploads\/2023\/02\/A1-1-600x720.jpg",600,720,true],"ultp_layout_square":["https:\/\/affaires-sociales.gouv.cg\/site_dev\/wp-content\/uploads\/2023\/02\/A1-1-600x600.jpg",600,600,true],"portfolio-square":["https:\/\/affaires-sociales.gouv.cg\/site_dev\/wp-content\/uploads\/2023\/02\/A1-1-570x570.jpg",570,570,true],"portfolio-portrait":["https:\/\/affaires-sociales.gouv.cg\/site_dev\/wp-content\/uploads\/2023\/02\/A1-1-600x720.jpg",600,720,true],"portfolio-landscape":["https:\/\/affaires-sociales.gouv.cg\/site_dev\/wp-content\/uploads\/2023\/02\/A1-1-800x600.jpg",800,600,true],"menu-featured-post":["https:\/\/affaires-sociales.gouv.cg\/site_dev\/wp-content\/uploads\/2023\/02\/A1-1-345x198.jpg",345,198,true],"qode-carousel_slider":["https:\/\/affaires-sociales.gouv.cg\/site_dev\/wp-content\/uploads\/2023\/02\/A1-1-400x260.jpg",400,260,true],"portfolio_slider":["https:\/\/affaires-sociales.gouv.cg\/site_dev\/wp-content\/uploads\/2023\/02\/A1-1-500x380.jpg",500,380,true],"portfolio_masonry_regular":["https:\/\/affaires-sociales.gouv.cg\/site_dev\/wp-content\/uploads\/2023\/02\/A1-1-500x500.jpg",500,500,true],"portfolio_masonry_wide":["https:\/\/affaires-sociales.gouv.cg\/site_dev\/wp-content\/uploads\/2023\/02\/A1-1-1000x500.jpg",1000,500,true],"portfolio_masonry_tall":["https:\/\/affaires-sociales.gouv.cg\/site_dev\/wp-content\/uploads\/2023\/02\/A1-1-500x720.jpg",500,720,true],"portfolio_masonry_large":["https:\/\/affaires-sociales.gouv.cg\/site_dev\/wp-content\/uploads\/2023\/02\/A1-1-1000x720.jpg",1000,720,true],"portfolio_masonry_with_space":["https:\/\/affaires-sociales.gouv.cg\/site_dev\/wp-content\/uploads\/2023\/02\/A1-1-700x467.jpg",700,467,true],"latest_post_boxes":["https:\/\/affaires-sociales.gouv.cg\/site_dev\/wp-content\/uploads\/2023\/02\/A1-1-539x303.jpg",539,303,true]},"rttpg_author":{"display_name":"admin_sociales","author_link":"https:\/\/affaires-sociales.gouv.cg\/site_dev\/author\/admin_sociales\/"},"rttpg_comment":0,"rttpg_category":"<a href=\"https:\/\/affaires-sociales.gouv.cg\/site_dev\/category\/nouvelle-article\/\" rel=\"category tag\">nouvelle article<\/a> <a href=\"https:\/\/affaires-sociales.gouv.cg\/site_dev\/category\/photography\/\" rel=\"category tag\">Photography<\/a>","rttpg_excerpt":"Madame le ministre des affaires sociales et de l&rsquo;action humanitaire a apport\u00e9 ce mercredi 13 avril l&rsquo;assistance humanitaire aux populations sinistr\u00e9es des inondations de la localit\u00e9 de Mossaka dans la Cuvette.","_links":{"self":[{"href":"https:\/\/affaires-sociales.gouv.cg\/site_dev\/wp-json\/wp\/v2\/posts\/17309"}],"collection":[{"href":"https:\/\/affaires-sociales.gouv.cg\/site_dev\/wp-json\/wp\/v2\/posts"}],"about":[{"href":"https:\/\/affaires-sociales.gouv.cg\/site_dev\/wp-json\/wp\/v2\/types\/post"}],"author":[{"embeddable":true,"href":"https:\/\/affaires-sociales.gouv.cg\/site_dev\/wp-json\/wp\/v2\/users\/1"}],"replies":[{"embeddable":true,"href":"https:\/\/affaires-sociales.gouv.cg\/site_dev\/wp-json\/wp\/v2\/comments?post=17309"}],"version-history":[{"count":1,"href":"https:\/\/affaires-sociales.gouv.cg\/site_dev\/wp-json\/wp\/v2\/posts\/17309\/revisions"}],"predecessor-version":[{"id":17318,"href":"https:\/\/affaires-sociales.gouv.cg\/site_dev\/wp-json\/wp\/v2\/posts\/17309\/revisions\/17318"}],"wp:featuredmedia":[{"embeddable":true,"href":"https:\/\/affaires-sociales.gouv.cg\/site_dev\/wp-json\/wp\/v2\/media\/17315"}],"wp:attachment":[{"href":"https:\/\/affaires-sociales.gouv.cg\/site_dev\/wp-json\/wp\/v2\/media?parent=17309"}],"wp:term":[{"taxonomy":"category","embeddable":true,"href":"https:\/\/affaires-sociales.gouv.cg\/site_dev\/wp-json\/wp\/v2\/categories?post=17309"},{"taxonomy":"post_tag","embeddable":true,"href":"https:\/\/affaires-sociales.gouv.cg\/site_dev\/wp-json\/wp\/v2\/tags?post=17309"}],"curies":[{"name":"wp","href":"https:\/\/api.w.org\/{rel}","templated":true}]}}