{"id":17307,"date":"2023-02-28T15:21:56","date_gmt":"2023-02-28T14:21:56","guid":{"rendered":"https:\/\/affaires-sociales.gouv.cg\/site_dev\/?p=17307"},"modified":"2023-02-28T15:22:04","modified_gmt":"2023-02-28T14:22:04","slug":"seance-de-travail-cette-matinee-entre-la-ministre-des-affaires-sociales-et-de-laction-humanitaire-et-quelques-agences-du-systeme-des-nations-unies","status":"publish","type":"post","link":"https:\/\/affaires-sociales.gouv.cg\/site_dev\/2023\/02\/28\/seance-de-travail-cette-matinee-entre-la-ministre-des-affaires-sociales-et-de-laction-humanitaire-et-quelques-agences-du-systeme-des-nations-unies\/","title":{"rendered":"S\u00e9ance de travail cette matin\u00e9e entre la ministre des affaires sociales et de l\u2019action humanitaire et quelques agences du syst\u00e8me des nations unies."},"content":{"rendered":"\n<p>S\u00e9ance de travail cette matin\u00e9e entre la ministre des affaires sociales et de l\u2019action humanitaire et quelques agences du syst\u00e8me des nations unies : Unesco, Unicef, Fnuap et le HCR. La ministre, Ir\u00e8ne Marie-C\u00e9cile Mboukou Kimbatsa a saisi cette occasion pour faire le point \u00e0 ses h\u00f4tes de sa mission humanitaire dans les d\u00e9partements des Plateaux (Makotimpoko) et de la Cuvette (Mossaka).<\/p>\n\n\n\n<p>Outre, les inondations, les populations font face \u00e0 des nombreuses autres difficult\u00e9s : scolarisation des enfants notamment les enfants des r\u00e9fugi\u00e9s, l\u2019enregistrement des enfants \u00e0 l\u2019Etat civil, l\u2019assistance aux r\u00e9fugi\u00e9s, etc. Face \u00e0 ces nombreux d\u00e9fis, les deux parties ont convenu d\u2019organiser une r\u00e9union technique o\u00f9 tous les points d\u00e9battus seront examin\u00e9s de fa\u00e7on approfondie en vue d\u2019une intervention transversale et l&rsquo;organisation d&rsquo;une mission conjointe sur le terrain des parties prenante.<\/p>\n","protected":false},"excerpt":{"rendered":"<p>S\u00e9ance de travail cette matin\u00e9e entre la ministre des affaires sociales et de l\u2019action humanitaire et quelques agences du syst\u00e8me des nations unies : Unesco, Unicef, Fnuap et le HCR. La ministre, Ir\u00e8ne Marie-C\u00e9cile Mboukou Kimbatsa a saisi cette occasion pour faire le point \u00e0&#8230;<\/p>\n","protected":false},"author":1,"featured_media":17089,"comment_status":"open","ping_status":"open","sticky":false,"template":"","format":"standard","meta":[],"categories":[40],"tags":[],"yoast_head":"<!-- This site is optimized with the Yoast SEO plugin v20.8 - https:\/\/yoast.com\/wordpress\/plugins\/seo\/ -->\n<title>S\u00e9ance de travail cette matin\u00e9e entre la ministre des affaires sociales et de l\u2019action humanitaire et quelques agences du syst\u00e8me des nations unies. - affaire-sociales<\/title>\n<meta name=\"robots\" content=\"index, follow, max-snippet:-1, max-image-preview:large, max-video-preview:-1\" \/>\n<link rel=\"canonical\" href=\"https:\/\/affaires-sociales.gouv.cg\/site_dev\/2023\/02\/28\/seance-de-travail-cette-matinee-entre-la-ministre-des-affaires-sociales-et-de-laction-humanitaire-et-quelques-agences-du-systeme-des-nations-unies\/\" \/>\n<meta property=\"og:locale\" content=\"fr_FR\" \/>\n<meta property=\"og:type\" content=\"article\" \/>\n<meta property=\"og:title\" content=\"S\u00e9ance de travail cette matin\u00e9e entre la ministre des affaires sociales et de l\u2019action humanitaire et quelques agences du syst\u00e8me des nations unies. - affaire-sociales\" \/>\n<meta property=\"og:description\" content=\"S\u00e9ance de travail cette matin\u00e9e entre la ministre des affaires sociales et de l\u2019action humanitaire et quelques agences du syst\u00e8me des nations unies : Unesco, Unicef, Fnuap et le HCR. La ministre, Ir\u00e8ne Marie-C\u00e9cile Mboukou Kimbatsa a saisi cette occasion pour faire le point \u00e0...\" \/>\n<meta property=\"og:url\" content=\"https:\/\/affaires-sociales.gouv.cg\/site_dev\/2023\/02\/28\/seance-de-travail-cette-matinee-entre-la-ministre-des-affaires-sociales-et-de-laction-humanitaire-et-quelques-agences-du-systeme-des-nations-unies\/\" \/>\n<meta property=\"og:site_name\" content=\"affaire-sociales\" \/>\n<meta property=\"article:publisher\" content=\"https:\/\/www.facebook.com\/people\/Ministre-Des-Affaires-Sociales-Et-De-Laction-Humanitaire\/100064473618465\/\" \/>\n<meta property=\"article:published_time\" content=\"2023-02-28T14:21:56+00:00\" \/>\n<meta property=\"article:modified_time\" content=\"2023-02-28T14:22:04+00:00\" \/>\n<meta property=\"og:image\" content=\"https:\/\/affaires-sociales.gouv.cg\/site_dev\/wp-content\/uploads\/2023\/02\/279079050_358102079682243_1035510395705893735_n.jpg\" \/>\n\t<meta property=\"og:image:width\" content=\"1944\" \/>\n\t<meta property=\"og:image:height\" content=\"1296\" \/>\n\t<meta property=\"og:image:type\" content=\"image\/jpeg\" \/>\n<meta name=\"author\" content=\"admin_sociales\" \/>\n<meta name=\"twitter:card\" content=\"summary_large_image\" \/>\n<meta name=\"twitter:creator\" content=\"@aff_sociales_cg\" \/>\n<meta name=\"twitter:site\" content=\"@aff_sociales_cg\" \/>\n<meta name=\"twitter:label1\" content=\"\u00c9crit par\" \/>\n\t<meta name=\"twitter:data1\" content=\"admin_sociales\" \/>\n\t<meta name=\"twitter:label2\" content=\"Dur\u00e9e de lecture estim\u00e9e\" \/>\n\t<meta name=\"twitter:data2\" content=\"1 minute\" \/>\n<script type=\"application\/ld+json\" class=\"yoast-schema-graph\">{\"@context\":\"https:\/\/schema.org\",\"@graph\":[{\"@type\":\"Article\",\"@id\":\"https:\/\/affaires-sociales.gouv.cg\/site_dev\/2023\/02\/28\/seance-de-travail-cette-matinee-entre-la-ministre-des-affaires-sociales-et-de-laction-humanitaire-et-quelques-agences-du-systeme-des-nations-unies\/#article\",\"isPartOf\":{\"@id\":\"https:\/\/affaires-sociales.gouv.cg\/site_dev\/2023\/02\/28\/seance-de-travail-cette-matinee-entre-la-ministre-des-affaires-sociales-et-de-laction-humanitaire-et-quelques-agences-du-systeme-des-nations-unies\/\"},\"author\":{\"name\":\"admin_sociales\",\"@id\":\"https:\/\/affaires-sociales.gouv.cg\/site_dev\/#\/schema\/person\/0ecc8192a3f70ba6baf0c26cf39848f6\"},\"headline\":\"S\u00e9ance de travail cette matin\u00e9e entre la ministre des affaires sociales et de l\u2019action humanitaire et quelques agences du syst\u00e8me des nations unies.\",\"datePublished\":\"2023-02-28T14:21:56+00:00\",\"dateModified\":\"2023-02-28T14:22:04+00:00\",\"mainEntityOfPage\":{\"@id\":\"https:\/\/affaires-sociales.gouv.cg\/site_dev\/2023\/02\/28\/seance-de-travail-cette-matinee-entre-la-ministre-des-affaires-sociales-et-de-laction-humanitaire-et-quelques-agences-du-systeme-des-nations-unies\/\"},\"wordCount\":179,\"commentCount\":0,\"publisher\":{\"@id\":\"https:\/\/affaires-sociales.gouv.cg\/site_dev\/#organization\"},\"articleSection\":[\"nouvelle article\"],\"inLanguage\":\"fr-FR\",\"potentialAction\":[{\"@type\":\"CommentAction\",\"name\":\"Comment\",\"target\":[\"https:\/\/affaires-sociales.gouv.cg\/site_dev\/2023\/02\/28\/seance-de-travail-cette-matinee-entre-la-ministre-des-affaires-sociales-et-de-laction-humanitaire-et-quelques-agences-du-systeme-des-nations-unies\/#respond\"]}]},{\"@type\":\"WebPage\",\"@id\":\"https:\/\/affaires-sociales.gouv.cg\/site_dev\/2023\/02\/28\/seance-de-travail-cette-matinee-entre-la-ministre-des-affaires-sociales-et-de-laction-humanitaire-et-quelques-agences-du-systeme-des-nations-unies\/\",\"url\":\"https:\/\/affaires-sociales.gouv.cg\/site_dev\/2023\/02\/28\/seance-de-travail-cette-matinee-entre-la-ministre-des-affaires-sociales-et-de-laction-humanitaire-et-quelques-agences-du-systeme-des-nations-unies\/\",\"name\":\"S\u00e9ance de travail cette matin\u00e9e entre la ministre des affaires sociales et de l\u2019action humanitaire et quelques agences du syst\u00e8me des nations unies. - affaire-sociales\",\"isPartOf\":{\"@id\":\"https:\/\/affaires-sociales.gouv.cg\/site_dev\/#website\"},\"datePublished\":\"2023-02-28T14:21:56+00:00\",\"dateModified\":\"2023-02-28T14:22:04+00:00\",\"breadcrumb\":{\"@id\":\"https:\/\/affaires-sociales.gouv.cg\/site_dev\/2023\/02\/28\/seance-de-travail-cette-matinee-entre-la-ministre-des-affaires-sociales-et-de-laction-humanitaire-et-quelques-agences-du-systeme-des-nations-unies\/#breadcrumb\"},\"inLanguage\":\"fr-FR\",\"potentialAction\":[{\"@type\":\"ReadAction\",\"target\":[\"https:\/\/affaires-sociales.gouv.cg\/site_dev\/2023\/02\/28\/seance-de-travail-cette-matinee-entre-la-ministre-des-affaires-sociales-et-de-laction-humanitaire-et-quelques-agences-du-systeme-des-nations-unies\/\"]}]},{\"@type\":\"BreadcrumbList\",\"@id\":\"https:\/\/affaires-sociales.gouv.cg\/site_dev\/2023\/02\/28\/seance-de-travail-cette-matinee-entre-la-ministre-des-affaires-sociales-et-de-laction-humanitaire-et-quelques-agences-du-systeme-des-nations-unies\/#breadcrumb\",\"itemListElement\":[{\"@type\":\"ListItem\",\"position\":1,\"name\":\"Accueil\",\"item\":\"https:\/\/affaires-sociales.gouv.cg\/site_dev\/\"},{\"@type\":\"ListItem\",\"position\":2,\"name\":\"S\u00e9ance de travail cette matin\u00e9e entre la ministre des affaires sociales et de l\u2019action humanitaire et quelques agences du syst\u00e8me des nations unies.\"}]},{\"@type\":\"WebSite\",\"@id\":\"https:\/\/affaires-sociales.gouv.cg\/site_dev\/#website\",\"url\":\"https:\/\/affaires-sociales.gouv.cg\/site_dev\/\",\"name\":\"affaires-sociales\",\"description\":\"Un site utilisant WordPress\",\"publisher\":{\"@id\":\"https:\/\/affaires-sociales.gouv.cg\/site_dev\/#organization\"},\"potentialAction\":[{\"@type\":\"SearchAction\",\"target\":{\"@type\":\"EntryPoint\",\"urlTemplate\":\"https:\/\/affaires-sociales.gouv.cg\/site_dev\/?s={search_term_string}\"},\"query-input\":\"required name=search_term_string\"}],\"inLanguage\":\"fr-FR\"},{\"@type\":\"Organization\",\"@id\":\"https:\/\/affaires-sociales.gouv.cg\/site_dev\/#organization\",\"name\":\"minist\u00e8re des affaires-sociales, de la solidarit\u00e9 et de l'Action Humanitaire\",\"url\":\"https:\/\/affaires-sociales.gouv.cg\/site_dev\/\",\"logo\":{\"@type\":\"ImageObject\",\"inLanguage\":\"fr-FR\",\"@id\":\"https:\/\/affaires-sociales.gouv.cg\/site_dev\/#\/schema\/logo\/image\/\",\"url\":\"https:\/\/affaires-sociales.gouv.cg\/wp-content\/uploads\/2023\/01\/logogros.jpg\",\"contentUrl\":\"https:\/\/affaires-sociales.gouv.cg\/wp-content\/uploads\/2023\/01\/logogros.jpg\",\"width\":1376,\"height\":502,\"caption\":\"minist\u00e8re des affaires-sociales, de la solidarit\u00e9 et de l'Action Humanitaire\"},\"image\":{\"@id\":\"https:\/\/affaires-sociales.gouv.cg\/site_dev\/#\/schema\/logo\/image\/\"},\"sameAs\":[\"https:\/\/www.facebook.com\/people\/Ministre-Des-Affaires-Sociales-Et-De-Laction-Humanitaire\/100064473618465\/\",\"https:\/\/twitter.com\/aff_sociales_cg\"]},{\"@type\":\"Person\",\"@id\":\"https:\/\/affaires-sociales.gouv.cg\/site_dev\/#\/schema\/person\/0ecc8192a3f70ba6baf0c26cf39848f6\",\"name\":\"admin_sociales\",\"image\":{\"@type\":\"ImageObject\",\"inLanguage\":\"fr-FR\",\"@id\":\"https:\/\/affaires-sociales.gouv.cg\/site_dev\/#\/schema\/person\/image\/\",\"url\":\"https:\/\/secure.gravatar.com\/avatar\/c7f09ee99f68360730781956654b5f51?s=96&d=mm&r=g\",\"contentUrl\":\"https:\/\/secure.gravatar.com\/avatar\/c7f09ee99f68360730781956654b5f51?s=96&d=mm&r=g\",\"caption\":\"admin_sociales\"},\"sameAs\":[\"https:\/\/affaires-sociales.gouv.cg\/site_dev\"],\"url\":\"https:\/\/affaires-sociales.gouv.cg\/site_dev\/author\/admin_sociales\/\"}]}<\/script>\n<!-- \/ Yoast SEO plugin. -->","yoast_head_json":{"title":"S\u00e9ance de travail cette matin\u00e9e entre la ministre des affaires sociales et de l\u2019action humanitaire et quelques agences du syst\u00e8me des nations unies. - affaire-sociales","robots":{"index":"index","follow":"follow","max-snippet":"max-snippet:-1","max-image-preview":"max-image-preview:large","max-video-preview":"max-video-preview:-1"},"canonical":"https:\/\/affaires-sociales.gouv.cg\/site_dev\/2023\/02\/28\/seance-de-travail-cette-matinee-entre-la-ministre-des-affaires-sociales-et-de-laction-humanitaire-et-quelques-agences-du-systeme-des-nations-unies\/","og_locale":"fr_FR","og_type":"article","og_title":"S\u00e9ance de travail cette matin\u00e9e entre la ministre des affaires sociales et de l\u2019action humanitaire et quelques agences du syst\u00e8me des nations unies. - affaire-sociales","og_description":"S\u00e9ance de travail cette matin\u00e9e entre la ministre des affaires sociales et de l\u2019action humanitaire et quelques agences du syst\u00e8me des nations unies : Unesco, Unicef, Fnuap et le HCR. La ministre, Ir\u00e8ne Marie-C\u00e9cile Mboukou Kimbatsa a saisi cette occasion pour faire le point \u00e0...","og_url":"https:\/\/affaires-sociales.gouv.cg\/site_dev\/2023\/02\/28\/seance-de-travail-cette-matinee-entre-la-ministre-des-affaires-sociales-et-de-laction-humanitaire-et-quelques-agences-du-systeme-des-nations-unies\/","og_site_name":"affaire-sociales","article_publisher":"https:\/\/www.facebook.com\/people\/Ministre-Des-Affaires-Sociales-Et-De-Laction-Humanitaire\/100064473618465\/","article_published_time":"2023-02-28T14:21:56+00:00","article_modified_time":"2023-02-28T14:22:04+00:00","og_image":[{"width":1944,"height":1296,"url":"https:\/\/affaires-sociales.gouv.cg\/site_dev\/wp-content\/uploads\/2023\/02\/279079050_358102079682243_1035510395705893735_n.jpg","type":"image\/jpeg"}],"author":"admin_sociales","twitter_card":"summary_large_image","twitter_creator":"@aff_sociales_cg","twitter_site":"@aff_sociales_cg","twitter_misc":{"\u00c9crit par":"admin_sociales","Dur\u00e9e de lecture estim\u00e9e":"1 minute"},"schema":{"@context":"https:\/\/schema.org","@graph":[{"@type":"Article","@id":"https:\/\/affaires-sociales.gouv.cg\/site_dev\/2023\/02\/28\/seance-de-travail-cette-matinee-entre-la-ministre-des-affaires-sociales-et-de-laction-humanitaire-et-quelques-agences-du-systeme-des-nations-unies\/#article","isPartOf":{"@id":"https:\/\/affaires-sociales.gouv.cg\/site_dev\/2023\/02\/28\/seance-de-travail-cette-matinee-entre-la-ministre-des-affaires-sociales-et-de-laction-humanitaire-et-quelques-agences-du-systeme-des-nations-unies\/"},"author":{"name":"admin_sociales","@id":"https:\/\/affaires-sociales.gouv.cg\/site_dev\/#\/schema\/person\/0ecc8192a3f70ba6baf0c26cf39848f6"},"headline":"S\u00e9ance de travail cette matin\u00e9e entre la ministre des affaires sociales et de l\u2019action humanitaire et quelques agences du syst\u00e8me des nations unies.","datePublished":"2023-02-28T14:21:56+00:00","dateModified":"2023-02-28T14:22:04+00:00","mainEntityOfPage":{"@id":"https:\/\/affaires-sociales.gouv.cg\/site_dev\/2023\/02\/28\/seance-de-travail-cette-matinee-entre-la-ministre-des-affaires-sociales-et-de-laction-humanitaire-et-quelques-agences-du-systeme-des-nations-unies\/"},"wordCount":179,"commentCount":0,"publisher":{"@id":"https:\/\/affaires-sociales.gouv.cg\/site_dev\/#organization"},"articleSection":["nouvelle article"],"inLanguage":"fr-FR","potentialAction":[{"@type":"CommentAction","name":"Comment","target":["https:\/\/affaires-sociales.gouv.cg\/site_dev\/2023\/02\/28\/seance-de-travail-cette-matinee-entre-la-ministre-des-affaires-sociales-et-de-laction-humanitaire-et-quelques-agences-du-systeme-des-nations-unies\/#respond"]}]},{"@type":"WebPage","@id":"https:\/\/affaires-sociales.gouv.cg\/site_dev\/2023\/02\/28\/seance-de-travail-cette-matinee-entre-la-ministre-des-affaires-sociales-et-de-laction-humanitaire-et-quelques-agences-du-systeme-des-nations-unies\/","url":"https:\/\/affaires-sociales.gouv.cg\/site_dev\/2023\/02\/28\/seance-de-travail-cette-matinee-entre-la-ministre-des-affaires-sociales-et-de-laction-humanitaire-et-quelques-agences-du-systeme-des-nations-unies\/","name":"S\u00e9ance de travail cette matin\u00e9e entre la ministre des affaires sociales et de l\u2019action humanitaire et quelques agences du syst\u00e8me des nations unies. - affaire-sociales","isPartOf":{"@id":"https:\/\/affaires-sociales.gouv.cg\/site_dev\/#website"},"datePublished":"2023-02-28T14:21:56+00:00","dateModified":"2023-02-28T14:22:04+00:00","breadcrumb":{"@id":"https:\/\/affaires-sociales.gouv.cg\/site_dev\/2023\/02\/28\/seance-de-travail-cette-matinee-entre-la-ministre-des-affaires-sociales-et-de-laction-humanitaire-et-quelques-agences-du-systeme-des-nations-unies\/#breadcrumb"},"inLanguage":"fr-FR","potentialAction":[{"@type":"ReadAction","target":["https:\/\/affaires-sociales.gouv.cg\/site_dev\/2023\/02\/28\/seance-de-travail-cette-matinee-entre-la-ministre-des-affaires-sociales-et-de-laction-humanitaire-et-quelques-agences-du-systeme-des-nations-unies\/"]}]},{"@type":"BreadcrumbList","@id":"https:\/\/affaires-sociales.gouv.cg\/site_dev\/2023\/02\/28\/seance-de-travail-cette-matinee-entre-la-ministre-des-affaires-sociales-et-de-laction-humanitaire-et-quelques-agences-du-systeme-des-nations-unies\/#breadcrumb","itemListElement":[{"@type":"ListItem","position":1,"name":"Accueil","item":"https:\/\/affaires-sociales.gouv.cg\/site_dev\/"},{"@type":"ListItem","position":2,"name":"S\u00e9ance de travail cette matin\u00e9e entre la ministre des affaires sociales et de l\u2019action humanitaire et quelques agences du syst\u00e8me des nations unies."}]},{"@type":"WebSite","@id":"https:\/\/affaires-sociales.gouv.cg\/site_dev\/#website","url":"https:\/\/affaires-sociales.gouv.cg\/site_dev\/","name":"affaires-sociales","description":"Un site utilisant WordPress","publisher":{"@id":"https:\/\/affaires-sociales.gouv.cg\/site_dev\/#organization"},"potentialAction":[{"@type":"SearchAction","target":{"@type":"EntryPoint","urlTemplate":"https:\/\/affaires-sociales.gouv.cg\/site_dev\/?s={search_term_string}"},"query-input":"required name=search_term_string"}],"inLanguage":"fr-FR"},{"@type":"Organization","@id":"https:\/\/affaires-sociales.gouv.cg\/site_dev\/#organization","name":"minist\u00e8re des affaires-sociales, de la solidarit\u00e9 et de l'Action Humanitaire","url":"https:\/\/affaires-sociales.gouv.cg\/site_dev\/","logo":{"@type":"ImageObject","inLanguage":"fr-FR","@id":"https:\/\/affaires-sociales.gouv.cg\/site_dev\/#\/schema\/logo\/image\/","url":"https:\/\/affaires-sociales.gouv.cg\/wp-content\/uploads\/2023\/01\/logogros.jpg","contentUrl":"https:\/\/affaires-sociales.gouv.cg\/wp-content\/uploads\/2023\/01\/logogros.jpg","width":1376,"height":502,"caption":"minist\u00e8re des affaires-sociales, de la solidarit\u00e9 et de l'Action Humanitaire"},"image":{"@id":"https:\/\/affaires-sociales.gouv.cg\/site_dev\/#\/schema\/logo\/image\/"},"sameAs":["https:\/\/www.facebook.com\/people\/Ministre-Des-Affaires-Sociales-Et-De-Laction-Humanitaire\/100064473618465\/","https:\/\/twitter.com\/aff_sociales_cg"]},{"@type":"Person","@id":"https:\/\/affaires-sociales.gouv.cg\/site_dev\/#\/schema\/person\/0ecc8192a3f70ba6baf0c26cf39848f6","name":"admin_sociales","image":{"@type":"ImageObject","inLanguage":"fr-FR","@id":"https:\/\/affaires-sociales.gouv.cg\/site_dev\/#\/schema\/person\/image\/","url":"https:\/\/secure.gravatar.com\/avatar\/c7f09ee99f68360730781956654b5f51?s=96&d=mm&r=g","contentUrl":"https:\/\/secure.gravatar.com\/avatar\/c7f09ee99f68360730781956654b5f51?s=96&d=mm&r=g","caption":"admin_sociales"},"sameAs":["https:\/\/affaires-sociales.gouv.cg\/site_dev"],"url":"https:\/\/affaires-sociales.gouv.cg\/site_dev\/author\/admin_sociales\/"}]}},"rttpg_featured_image_url":{"full":["https:\/\/affaires-sociales.gouv.cg\/site_dev\/wp-content\/uploads\/2023\/02\/279079050_358102079682243_1035510395705893735_n.jpg",1944,1296,false],"landscape":["https:\/\/affaires-sociales.gouv.cg\/site_dev\/wp-content\/uploads\/2023\/02\/279079050_358102079682243_1035510395705893735_n.jpg",1944,1296,false],"portraits":["https:\/\/affaires-sociales.gouv.cg\/site_dev\/wp-content\/uploads\/2023\/02\/279079050_358102079682243_1035510395705893735_n.jpg",1944,1296,false],"thumbnail":["https:\/\/affaires-sociales.gouv.cg\/site_dev\/wp-content\/uploads\/2023\/02\/279079050_358102079682243_1035510395705893735_n-150x150.jpg",150,150,true],"medium":["https:\/\/affaires-sociales.gouv.cg\/site_dev\/wp-content\/uploads\/2023\/02\/279079050_358102079682243_1035510395705893735_n-300x200.jpg",300,200,true],"large":["https:\/\/affaires-sociales.gouv.cg\/site_dev\/wp-content\/uploads\/2023\/02\/279079050_358102079682243_1035510395705893735_n-1024x683.jpg",1024,683,true],"1536x1536":["https:\/\/affaires-sociales.gouv.cg\/site_dev\/wp-content\/uploads\/2023\/02\/279079050_358102079682243_1035510395705893735_n-1536x1024.jpg",1536,1024,true],"2048x2048":["https:\/\/affaires-sociales.gouv.cg\/site_dev\/wp-content\/uploads\/2023\/02\/279079050_358102079682243_1035510395705893735_n.jpg",1944,1296,false],"ultp_layout_landscape_large":["https:\/\/affaires-sociales.gouv.cg\/site_dev\/wp-content\/uploads\/2023\/02\/279079050_358102079682243_1035510395705893735_n-1200x800.jpg",1200,800,true],"ultp_layout_landscape":["https:\/\/affaires-sociales.gouv.cg\/site_dev\/wp-content\/uploads\/2023\/02\/279079050_358102079682243_1035510395705893735_n-870x570.jpg",870,570,true],"ultp_layout_portrait":["https:\/\/affaires-sociales.gouv.cg\/site_dev\/wp-content\/uploads\/2023\/02\/279079050_358102079682243_1035510395705893735_n-600x900.jpg",600,900,true],"ultp_layout_square":["https:\/\/affaires-sociales.gouv.cg\/site_dev\/wp-content\/uploads\/2023\/02\/279079050_358102079682243_1035510395705893735_n-600x600.jpg",600,600,true],"portfolio-square":["https:\/\/affaires-sociales.gouv.cg\/site_dev\/wp-content\/uploads\/2023\/02\/279079050_358102079682243_1035510395705893735_n-570x570.jpg",570,570,true],"portfolio-portrait":["https:\/\/affaires-sociales.gouv.cg\/site_dev\/wp-content\/uploads\/2023\/02\/279079050_358102079682243_1035510395705893735_n-600x800.jpg",600,800,true],"portfolio-landscape":["https:\/\/affaires-sociales.gouv.cg\/site_dev\/wp-content\/uploads\/2023\/02\/279079050_358102079682243_1035510395705893735_n-800x600.jpg",800,600,true],"menu-featured-post":["https:\/\/affaires-sociales.gouv.cg\/site_dev\/wp-content\/uploads\/2023\/02\/279079050_358102079682243_1035510395705893735_n-345x198.jpg",345,198,true],"qode-carousel_slider":["https:\/\/affaires-sociales.gouv.cg\/site_dev\/wp-content\/uploads\/2023\/02\/279079050_358102079682243_1035510395705893735_n-400x260.jpg",400,260,true],"portfolio_slider":["https:\/\/affaires-sociales.gouv.cg\/site_dev\/wp-content\/uploads\/2023\/02\/279079050_358102079682243_1035510395705893735_n-500x380.jpg",500,380,true],"portfolio_masonry_regular":["https:\/\/affaires-sociales.gouv.cg\/site_dev\/wp-content\/uploads\/2023\/02\/279079050_358102079682243_1035510395705893735_n-500x500.jpg",500,500,true],"portfolio_masonry_wide":["https:\/\/affaires-sociales.gouv.cg\/site_dev\/wp-content\/uploads\/2023\/02\/279079050_358102079682243_1035510395705893735_n-1000x500.jpg",1000,500,true],"portfolio_masonry_tall":["https:\/\/affaires-sociales.gouv.cg\/site_dev\/wp-content\/uploads\/2023\/02\/279079050_358102079682243_1035510395705893735_n-500x1000.jpg",500,1000,true],"portfolio_masonry_large":["https:\/\/affaires-sociales.gouv.cg\/site_dev\/wp-content\/uploads\/2023\/02\/279079050_358102079682243_1035510395705893735_n-1000x1000.jpg",1000,1000,true],"portfolio_masonry_with_space":["https:\/\/affaires-sociales.gouv.cg\/site_dev\/wp-content\/uploads\/2023\/02\/279079050_358102079682243_1035510395705893735_n-700x467.jpg",700,467,true],"latest_post_boxes":["https:\/\/affaires-sociales.gouv.cg\/site_dev\/wp-content\/uploads\/2023\/02\/279079050_358102079682243_1035510395705893735_n-539x303.jpg",539,303,true]},"rttpg_author":{"display_name":"admin_sociales","author_link":"https:\/\/affaires-sociales.gouv.cg\/site_dev\/author\/admin_sociales\/"},"rttpg_comment":0,"rttpg_category":"<a href=\"https:\/\/affaires-sociales.gouv.cg\/site_dev\/category\/nouvelle-article\/\" rel=\"category tag\">nouvelle article<\/a>","rttpg_excerpt":"S\u00e9ance de travail cette matin\u00e9e entre la ministre des affaires sociales et de l\u2019action humanitaire et quelques agences du syst\u00e8me des nations unies : Unesco, Unicef, Fnuap et le HCR. La ministre, Ir\u00e8ne Marie-C\u00e9cile Mboukou Kimbatsa a saisi cette occasion pour faire le point \u00e0...","_links":{"self":[{"href":"https:\/\/affaires-sociales.gouv.cg\/site_dev\/wp-json\/wp\/v2\/posts\/17307"}],"collection":[{"href":"https:\/\/affaires-sociales.gouv.cg\/site_dev\/wp-json\/wp\/v2\/posts"}],"about":[{"href":"https:\/\/affaires-sociales.gouv.cg\/site_dev\/wp-json\/wp\/v2\/types\/post"}],"author":[{"embeddable":true,"href":"https:\/\/affaires-sociales.gouv.cg\/site_dev\/wp-json\/wp\/v2\/users\/1"}],"replies":[{"embeddable":true,"href":"https:\/\/affaires-sociales.gouv.cg\/site_dev\/wp-json\/wp\/v2\/comments?post=17307"}],"version-history":[{"count":1,"href":"https:\/\/affaires-sociales.gouv.cg\/site_dev\/wp-json\/wp\/v2\/posts\/17307\/revisions"}],"predecessor-version":[{"id":17308,"href":"https:\/\/affaires-sociales.gouv.cg\/site_dev\/wp-json\/wp\/v2\/posts\/17307\/revisions\/17308"}],"wp:featuredmedia":[{"embeddable":true,"href":"https:\/\/affaires-sociales.gouv.cg\/site_dev\/wp-json\/wp\/v2\/media\/17089"}],"wp:attachment":[{"href":"https:\/\/affaires-sociales.gouv.cg\/site_dev\/wp-json\/wp\/v2\/media?parent=17307"}],"wp:term":[{"taxonomy":"category","embeddable":true,"href":"https:\/\/affaires-sociales.gouv.cg\/site_dev\/wp-json\/wp\/v2\/categories?post=17307"},{"taxonomy":"post_tag","embeddable":true,"href":"https:\/\/affaires-sociales.gouv.cg\/site_dev\/wp-json\/wp\/v2\/tags?post=17307"}],"curies":[{"name":"wp","href":"https:\/\/api.w.org\/{rel}","templated":true}]}}