{"id":17297,"date":"2023-02-28T15:18:51","date_gmt":"2023-02-28T14:18:51","guid":{"rendered":"https:\/\/affaires-sociales.gouv.cg\/site_dev\/?p=17297"},"modified":"2023-02-28T15:19:29","modified_gmt":"2023-02-28T14:19:29","slug":"le-nouvel-ambassadeur-des-etats-unis-damerique-en-republique-du-congo-son-excellence-eugene-youg-a-ete-recu-en-audience-cet-apres-midi-par-la-ministre-des-affaires-sociales-et-de-la","status":"publish","type":"post","link":"https:\/\/affaires-sociales.gouv.cg\/site_dev\/2023\/02\/28\/le-nouvel-ambassadeur-des-etats-unis-damerique-en-republique-du-congo-son-excellence-eugene-youg-a-ete-recu-en-audience-cet-apres-midi-par-la-ministre-des-affaires-sociales-et-de-la\/","title":{"rendered":"Le nouvel ambassadeur des Etats Unis d\u2019Am\u00e9rique en R\u00e9publique du Congo ."},"content":{"rendered":"\n<p>Le nouvel ambassadeur des Etats Unis d\u2019Am\u00e9rique en R\u00e9publique du Congo, Son Excellence Eug\u00e8ne YOUG a \u00e9t\u00e9 re\u00e7u en audience cet apr\u00e8s-midi par la Ministre des affaires sociales et de l\u2019Action Humanitaire, Ir\u00e8ne Marie-C\u00e9cile Mboukou Kimbatsa. Le diplomate am\u00e9ricain annonc\u00e9 la mise \u00e0 la disposition du PAM une enveloppe de 5,7$ millions soit environ 3.500.000.000 FCFA pour l\u2019assistance aux sinistr\u00e9s des inondations au nord du pays, aux r\u00e9fugi\u00e9s dans la Likouala et l\u2019appui nutritionnel aux enfants malnutris.<\/p>\n\n\n\n<p>La mise \u00e0 la disposition de ces ressources financi\u00e8res au Programme Alimentaire Mondiale justifi\u00e9 la pr\u00e9sence de la Directrice pays de cette agence des Nations Unies, Anne Claire MOUILLIEZ, au c\u00f4t\u00e9 du diplomate am\u00e9ricain.<\/p>\n\n\n\n<p>Les deux autres dossiers \u00e9voqu\u00e9s au cours de cet entretien ont \u00e9t\u00e9 le retour au Congo des Volontaires du Corps de la Paix et la traite des \u00eatres humains dont les deux sont engag\u00e9s depuis plusieurs ann\u00e9es. Dans ce domaine, le Congo ne cesse d\u2019instituer des m\u00e9canismes et autres dispositifs pour lutter efficacement contre ce fl\u00e9au.<\/p>\n\n\n\n<p>Apr\u00e8s avoir chacune exprim\u00e9 sa satisfaction du niveau de leur coop\u00e9ration, les deux parties ont exprim\u00e9 leur volont\u00e9 de collaborer \u00e9troitement afin de relever les d\u00e9fis dans les domaines sp\u00e9cifiques dont elles sont engag\u00e9es.<\/p>\n\n\n\n<p>Nomm\u00e9 depuis d\u00e9cembre 2021, le nouvel ambassadeur des Etats-Unis au Congo, Eug\u00e8ne S. Young a pr\u00e9sent\u00e9 le 30 mars \u00e0 Brazzaville, ses lettres de cr\u00e9ance au pr\u00e9sident de la R\u00e9publique, Denis Sassou N&rsquo;Guesso.<\/p>\n\n\n\n<p><\/p>\n\n\n\n<figure class=\"wp-block-gallery has-nested-images columns-default is-cropped wp-block-gallery-1 is-layout-flex\">\n<figure class=\"wp-block-image size-large\"><img fetchpriority=\"high\" decoding=\"async\" width=\"1024\" height=\"683\" data-id=\"17298\"  src=\"https:\/\/affaires-sociales.gouv.cg\/site_dev\/wp-content\/uploads\/2023\/02\/USA1-1024x683.jpg\" alt=\"\" class=\"wp-image-17298\"\/><\/figure>\n\n\n\n<figure class=\"wp-block-image size-large\"><img decoding=\"async\" width=\"1024\" height=\"683\" data-id=\"17299\"  src=\"https:\/\/affaires-sociales.gouv.cg\/site_dev\/wp-content\/uploads\/2023\/02\/USA2-1024x683.jpg\" alt=\"\" class=\"wp-image-17299\"\/><\/figure>\n\n\n\n<figure class=\"wp-block-image size-large\"><img decoding=\"async\" width=\"1024\" height=\"683\" data-id=\"17300\"  src=\"https:\/\/affaires-sociales.gouv.cg\/site_dev\/wp-content\/uploads\/2023\/02\/USA4-1024x683.jpg\" alt=\"\" class=\"wp-image-17300\"\/><\/figure>\n\n\n\n<figure class=\"wp-block-image size-large\"><img loading=\"lazy\" decoding=\"async\" width=\"1024\" height=\"683\" data-id=\"17301\"  src=\"https:\/\/affaires-sociales.gouv.cg\/site_dev\/wp-content\/uploads\/2023\/02\/USA6-1024x683.jpg\" alt=\"\" class=\"wp-image-17301\"\/><\/figure>\n\n\n\n<figure class=\"wp-block-image size-large\"><img loading=\"lazy\" decoding=\"async\" width=\"1024\" height=\"683\" data-id=\"17302\"  src=\"https:\/\/affaires-sociales.gouv.cg\/site_dev\/wp-content\/uploads\/2023\/02\/USA8-1024x683.jpg\" alt=\"\" class=\"wp-image-17302\"\/><\/figure>\n\n\n\n<figure class=\"wp-block-image size-large\"><img loading=\"lazy\" decoding=\"async\" width=\"685\" height=\"1024\" data-id=\"17303\"  src=\"https:\/\/affaires-sociales.gouv.cg\/site_dev\/wp-content\/uploads\/2023\/02\/USA10-685x1024.jpg\" alt=\"\" class=\"wp-image-17303\"\/><\/figure>\n\n\n\n<figure class=\"wp-block-image size-large\"><img loading=\"lazy\" decoding=\"async\" width=\"1024\" height=\"683\" data-id=\"17304\"  src=\"https:\/\/affaires-sociales.gouv.cg\/site_dev\/wp-content\/uploads\/2023\/02\/USAg-1024x683.jpg\" alt=\"\" class=\"wp-image-17304\"\/><\/figure>\n<\/figure>\n","protected":false},"excerpt":{"rendered":"<p>Le nouvel ambassadeur des Etats Unis d\u2019Am\u00e9rique en R\u00e9publique du Congo, Son Excellence Eug\u00e8ne YOUG a \u00e9t\u00e9 re\u00e7u en audience cet apr\u00e8s-midi par la Ministre des affaires sociales et de l\u2019Action Humanitaire, Ir\u00e8ne Marie-C\u00e9cile Mboukou Kimbatsa. Le diplomate am\u00e9ricain annonc\u00e9 la mise \u00e0 la disposition&#8230;<\/p>\n","protected":false},"author":1,"featured_media":17301,"comment_status":"open","ping_status":"open","sticky":false,"template":"","format":"standard","meta":[],"categories":[40,6],"tags":[],"yoast_head":"<!-- This site is optimized with the Yoast SEO plugin v20.8 - https:\/\/yoast.com\/wordpress\/plugins\/seo\/ -->\n<title>Le nouvel ambassadeur des Etats Unis d\u2019Am\u00e9rique en R\u00e9publique du Congo . - affaire-sociales<\/title>\n<meta name=\"robots\" content=\"index, follow, max-snippet:-1, max-image-preview:large, max-video-preview:-1\" \/>\n<link rel=\"canonical\" href=\"https:\/\/affaires-sociales.gouv.cg\/site_dev\/2023\/02\/28\/le-nouvel-ambassadeur-des-etats-unis-damerique-en-republique-du-congo-son-excellence-eugene-youg-a-ete-recu-en-audience-cet-apres-midi-par-la-ministre-des-affaires-sociales-et-de-la\/\" \/>\n<meta property=\"og:locale\" content=\"fr_FR\" \/>\n<meta property=\"og:type\" content=\"article\" \/>\n<meta property=\"og:title\" content=\"Le nouvel ambassadeur des Etats Unis d\u2019Am\u00e9rique en R\u00e9publique du Congo . - affaire-sociales\" \/>\n<meta property=\"og:description\" content=\"Le nouvel ambassadeur des Etats Unis d\u2019Am\u00e9rique en R\u00e9publique du Congo, Son Excellence Eug\u00e8ne YOUG a \u00e9t\u00e9 re\u00e7u en audience cet apr\u00e8s-midi par la Ministre des affaires sociales et de l\u2019Action Humanitaire, Ir\u00e8ne Marie-C\u00e9cile Mboukou Kimbatsa. Le diplomate am\u00e9ricain annonc\u00e9 la mise \u00e0 la disposition...\" \/>\n<meta property=\"og:url\" content=\"https:\/\/affaires-sociales.gouv.cg\/site_dev\/2023\/02\/28\/le-nouvel-ambassadeur-des-etats-unis-damerique-en-republique-du-congo-son-excellence-eugene-youg-a-ete-recu-en-audience-cet-apres-midi-par-la-ministre-des-affaires-sociales-et-de-la\/\" \/>\n<meta property=\"og:site_name\" content=\"affaire-sociales\" \/>\n<meta property=\"article:publisher\" content=\"https:\/\/www.facebook.com\/people\/Ministre-Des-Affaires-Sociales-Et-De-Laction-Humanitaire\/100064473618465\/\" \/>\n<meta property=\"article:published_time\" content=\"2023-02-28T14:18:51+00:00\" \/>\n<meta property=\"article:modified_time\" content=\"2023-02-28T14:19:29+00:00\" \/>\n<meta property=\"og:image\" content=\"https:\/\/affaires-sociales.gouv.cg\/site_dev\/wp-content\/uploads\/2023\/02\/USA6.jpg\" \/>\n\t<meta property=\"og:image:width\" content=\"1944\" \/>\n\t<meta property=\"og:image:height\" content=\"1296\" \/>\n\t<meta property=\"og:image:type\" content=\"image\/jpeg\" \/>\n<meta name=\"author\" content=\"admin_sociales\" \/>\n<meta name=\"twitter:card\" content=\"summary_large_image\" \/>\n<meta name=\"twitter:creator\" content=\"@aff_sociales_cg\" \/>\n<meta name=\"twitter:site\" content=\"@aff_sociales_cg\" \/>\n<meta name=\"twitter:label1\" content=\"\u00c9crit par\" \/>\n\t<meta name=\"twitter:data1\" content=\"admin_sociales\" \/>\n\t<meta name=\"twitter:label2\" content=\"Dur\u00e9e de lecture estim\u00e9e\" \/>\n\t<meta name=\"twitter:data2\" content=\"3 minutes\" \/>\n<script type=\"application\/ld+json\" class=\"yoast-schema-graph\">{\"@context\":\"https:\/\/schema.org\",\"@graph\":[{\"@type\":\"Article\",\"@id\":\"https:\/\/affaires-sociales.gouv.cg\/site_dev\/2023\/02\/28\/le-nouvel-ambassadeur-des-etats-unis-damerique-en-republique-du-congo-son-excellence-eugene-youg-a-ete-recu-en-audience-cet-apres-midi-par-la-ministre-des-affaires-sociales-et-de-la\/#article\",\"isPartOf\":{\"@id\":\"https:\/\/affaires-sociales.gouv.cg\/site_dev\/2023\/02\/28\/le-nouvel-ambassadeur-des-etats-unis-damerique-en-republique-du-congo-son-excellence-eugene-youg-a-ete-recu-en-audience-cet-apres-midi-par-la-ministre-des-affaires-sociales-et-de-la\/\"},\"author\":{\"name\":\"admin_sociales\",\"@id\":\"https:\/\/affaires-sociales.gouv.cg\/site_dev\/#\/schema\/person\/0ecc8192a3f70ba6baf0c26cf39848f6\"},\"headline\":\"Le nouvel ambassadeur des Etats Unis d\u2019Am\u00e9rique en R\u00e9publique du Congo .\",\"datePublished\":\"2023-02-28T14:18:51+00:00\",\"dateModified\":\"2023-02-28T14:19:29+00:00\",\"mainEntityOfPage\":{\"@id\":\"https:\/\/affaires-sociales.gouv.cg\/site_dev\/2023\/02\/28\/le-nouvel-ambassadeur-des-etats-unis-damerique-en-republique-du-congo-son-excellence-eugene-youg-a-ete-recu-en-audience-cet-apres-midi-par-la-ministre-des-affaires-sociales-et-de-la\/\"},\"wordCount\":278,\"commentCount\":0,\"publisher\":{\"@id\":\"https:\/\/affaires-sociales.gouv.cg\/site_dev\/#organization\"},\"articleSection\":[\"nouvelle article\",\"Photography\"],\"inLanguage\":\"fr-FR\",\"potentialAction\":[{\"@type\":\"CommentAction\",\"name\":\"Comment\",\"target\":[\"https:\/\/affaires-sociales.gouv.cg\/site_dev\/2023\/02\/28\/le-nouvel-ambassadeur-des-etats-unis-damerique-en-republique-du-congo-son-excellence-eugene-youg-a-ete-recu-en-audience-cet-apres-midi-par-la-ministre-des-affaires-sociales-et-de-la\/#respond\"]}]},{\"@type\":\"WebPage\",\"@id\":\"https:\/\/affaires-sociales.gouv.cg\/site_dev\/2023\/02\/28\/le-nouvel-ambassadeur-des-etats-unis-damerique-en-republique-du-congo-son-excellence-eugene-youg-a-ete-recu-en-audience-cet-apres-midi-par-la-ministre-des-affaires-sociales-et-de-la\/\",\"url\":\"https:\/\/affaires-sociales.gouv.cg\/site_dev\/2023\/02\/28\/le-nouvel-ambassadeur-des-etats-unis-damerique-en-republique-du-congo-son-excellence-eugene-youg-a-ete-recu-en-audience-cet-apres-midi-par-la-ministre-des-affaires-sociales-et-de-la\/\",\"name\":\"Le nouvel ambassadeur des Etats Unis d\u2019Am\u00e9rique en R\u00e9publique du Congo . - affaire-sociales\",\"isPartOf\":{\"@id\":\"https:\/\/affaires-sociales.gouv.cg\/site_dev\/#website\"},\"datePublished\":\"2023-02-28T14:18:51+00:00\",\"dateModified\":\"2023-02-28T14:19:29+00:00\",\"breadcrumb\":{\"@id\":\"https:\/\/affaires-sociales.gouv.cg\/site_dev\/2023\/02\/28\/le-nouvel-ambassadeur-des-etats-unis-damerique-en-republique-du-congo-son-excellence-eugene-youg-a-ete-recu-en-audience-cet-apres-midi-par-la-ministre-des-affaires-sociales-et-de-la\/#breadcrumb\"},\"inLanguage\":\"fr-FR\",\"potentialAction\":[{\"@type\":\"ReadAction\",\"target\":[\"https:\/\/affaires-sociales.gouv.cg\/site_dev\/2023\/02\/28\/le-nouvel-ambassadeur-des-etats-unis-damerique-en-republique-du-congo-son-excellence-eugene-youg-a-ete-recu-en-audience-cet-apres-midi-par-la-ministre-des-affaires-sociales-et-de-la\/\"]}]},{\"@type\":\"BreadcrumbList\",\"@id\":\"https:\/\/affaires-sociales.gouv.cg\/site_dev\/2023\/02\/28\/le-nouvel-ambassadeur-des-etats-unis-damerique-en-republique-du-congo-son-excellence-eugene-youg-a-ete-recu-en-audience-cet-apres-midi-par-la-ministre-des-affaires-sociales-et-de-la\/#breadcrumb\",\"itemListElement\":[{\"@type\":\"ListItem\",\"position\":1,\"name\":\"Accueil\",\"item\":\"https:\/\/affaires-sociales.gouv.cg\/site_dev\/\"},{\"@type\":\"ListItem\",\"position\":2,\"name\":\"Le nouvel ambassadeur des Etats Unis d\u2019Am\u00e9rique en R\u00e9publique du Congo .\"}]},{\"@type\":\"WebSite\",\"@id\":\"https:\/\/affaires-sociales.gouv.cg\/site_dev\/#website\",\"url\":\"https:\/\/affaires-sociales.gouv.cg\/site_dev\/\",\"name\":\"affaires-sociales\",\"description\":\"Un site utilisant WordPress\",\"publisher\":{\"@id\":\"https:\/\/affaires-sociales.gouv.cg\/site_dev\/#organization\"},\"potentialAction\":[{\"@type\":\"SearchAction\",\"target\":{\"@type\":\"EntryPoint\",\"urlTemplate\":\"https:\/\/affaires-sociales.gouv.cg\/site_dev\/?s={search_term_string}\"},\"query-input\":\"required name=search_term_string\"}],\"inLanguage\":\"fr-FR\"},{\"@type\":\"Organization\",\"@id\":\"https:\/\/affaires-sociales.gouv.cg\/site_dev\/#organization\",\"name\":\"minist\u00e8re des affaires-sociales, de la solidarit\u00e9 et de l'Action Humanitaire\",\"url\":\"https:\/\/affaires-sociales.gouv.cg\/site_dev\/\",\"logo\":{\"@type\":\"ImageObject\",\"inLanguage\":\"fr-FR\",\"@id\":\"https:\/\/affaires-sociales.gouv.cg\/site_dev\/#\/schema\/logo\/image\/\",\"url\":\"https:\/\/affaires-sociales.gouv.cg\/wp-content\/uploads\/2023\/01\/logogros.jpg\",\"contentUrl\":\"https:\/\/affaires-sociales.gouv.cg\/wp-content\/uploads\/2023\/01\/logogros.jpg\",\"width\":1376,\"height\":502,\"caption\":\"minist\u00e8re des affaires-sociales, de la solidarit\u00e9 et de l'Action Humanitaire\"},\"image\":{\"@id\":\"https:\/\/affaires-sociales.gouv.cg\/site_dev\/#\/schema\/logo\/image\/\"},\"sameAs\":[\"https:\/\/www.facebook.com\/people\/Ministre-Des-Affaires-Sociales-Et-De-Laction-Humanitaire\/100064473618465\/\",\"https:\/\/twitter.com\/aff_sociales_cg\"]},{\"@type\":\"Person\",\"@id\":\"https:\/\/affaires-sociales.gouv.cg\/site_dev\/#\/schema\/person\/0ecc8192a3f70ba6baf0c26cf39848f6\",\"name\":\"admin_sociales\",\"image\":{\"@type\":\"ImageObject\",\"inLanguage\":\"fr-FR\",\"@id\":\"https:\/\/affaires-sociales.gouv.cg\/site_dev\/#\/schema\/person\/image\/\",\"url\":\"https:\/\/secure.gravatar.com\/avatar\/c7f09ee99f68360730781956654b5f51?s=96&d=mm&r=g\",\"contentUrl\":\"https:\/\/secure.gravatar.com\/avatar\/c7f09ee99f68360730781956654b5f51?s=96&d=mm&r=g\",\"caption\":\"admin_sociales\"},\"sameAs\":[\"https:\/\/affaires-sociales.gouv.cg\/site_dev\"],\"url\":\"https:\/\/affaires-sociales.gouv.cg\/site_dev\/author\/admin_sociales\/\"}]}<\/script>\n<!-- \/ Yoast SEO plugin. -->","yoast_head_json":{"title":"Le nouvel ambassadeur des Etats Unis d\u2019Am\u00e9rique en R\u00e9publique du Congo . - affaire-sociales","robots":{"index":"index","follow":"follow","max-snippet":"max-snippet:-1","max-image-preview":"max-image-preview:large","max-video-preview":"max-video-preview:-1"},"canonical":"https:\/\/affaires-sociales.gouv.cg\/site_dev\/2023\/02\/28\/le-nouvel-ambassadeur-des-etats-unis-damerique-en-republique-du-congo-son-excellence-eugene-youg-a-ete-recu-en-audience-cet-apres-midi-par-la-ministre-des-affaires-sociales-et-de-la\/","og_locale":"fr_FR","og_type":"article","og_title":"Le nouvel ambassadeur des Etats Unis d\u2019Am\u00e9rique en R\u00e9publique du Congo . - affaire-sociales","og_description":"Le nouvel ambassadeur des Etats Unis d\u2019Am\u00e9rique en R\u00e9publique du Congo, Son Excellence Eug\u00e8ne YOUG a \u00e9t\u00e9 re\u00e7u en audience cet apr\u00e8s-midi par la Ministre des affaires sociales et de l\u2019Action Humanitaire, Ir\u00e8ne Marie-C\u00e9cile Mboukou Kimbatsa. Le diplomate am\u00e9ricain annonc\u00e9 la mise \u00e0 la disposition...","og_url":"https:\/\/affaires-sociales.gouv.cg\/site_dev\/2023\/02\/28\/le-nouvel-ambassadeur-des-etats-unis-damerique-en-republique-du-congo-son-excellence-eugene-youg-a-ete-recu-en-audience-cet-apres-midi-par-la-ministre-des-affaires-sociales-et-de-la\/","og_site_name":"affaire-sociales","article_publisher":"https:\/\/www.facebook.com\/people\/Ministre-Des-Affaires-Sociales-Et-De-Laction-Humanitaire\/100064473618465\/","article_published_time":"2023-02-28T14:18:51+00:00","article_modified_time":"2023-02-28T14:19:29+00:00","og_image":[{"width":1944,"height":1296,"url":"https:\/\/affaires-sociales.gouv.cg\/site_dev\/wp-content\/uploads\/2023\/02\/USA6.jpg","type":"image\/jpeg"}],"author":"admin_sociales","twitter_card":"summary_large_image","twitter_creator":"@aff_sociales_cg","twitter_site":"@aff_sociales_cg","twitter_misc":{"\u00c9crit par":"admin_sociales","Dur\u00e9e de lecture estim\u00e9e":"3 minutes"},"schema":{"@context":"https:\/\/schema.org","@graph":[{"@type":"Article","@id":"https:\/\/affaires-sociales.gouv.cg\/site_dev\/2023\/02\/28\/le-nouvel-ambassadeur-des-etats-unis-damerique-en-republique-du-congo-son-excellence-eugene-youg-a-ete-recu-en-audience-cet-apres-midi-par-la-ministre-des-affaires-sociales-et-de-la\/#article","isPartOf":{"@id":"https:\/\/affaires-sociales.gouv.cg\/site_dev\/2023\/02\/28\/le-nouvel-ambassadeur-des-etats-unis-damerique-en-republique-du-congo-son-excellence-eugene-youg-a-ete-recu-en-audience-cet-apres-midi-par-la-ministre-des-affaires-sociales-et-de-la\/"},"author":{"name":"admin_sociales","@id":"https:\/\/affaires-sociales.gouv.cg\/site_dev\/#\/schema\/person\/0ecc8192a3f70ba6baf0c26cf39848f6"},"headline":"Le nouvel ambassadeur des Etats Unis d\u2019Am\u00e9rique en R\u00e9publique du Congo .","datePublished":"2023-02-28T14:18:51+00:00","dateModified":"2023-02-28T14:19:29+00:00","mainEntityOfPage":{"@id":"https:\/\/affaires-sociales.gouv.cg\/site_dev\/2023\/02\/28\/le-nouvel-ambassadeur-des-etats-unis-damerique-en-republique-du-congo-son-excellence-eugene-youg-a-ete-recu-en-audience-cet-apres-midi-par-la-ministre-des-affaires-sociales-et-de-la\/"},"wordCount":278,"commentCount":0,"publisher":{"@id":"https:\/\/affaires-sociales.gouv.cg\/site_dev\/#organization"},"articleSection":["nouvelle article","Photography"],"inLanguage":"fr-FR","potentialAction":[{"@type":"CommentAction","name":"Comment","target":["https:\/\/affaires-sociales.gouv.cg\/site_dev\/2023\/02\/28\/le-nouvel-ambassadeur-des-etats-unis-damerique-en-republique-du-congo-son-excellence-eugene-youg-a-ete-recu-en-audience-cet-apres-midi-par-la-ministre-des-affaires-sociales-et-de-la\/#respond"]}]},{"@type":"WebPage","@id":"https:\/\/affaires-sociales.gouv.cg\/site_dev\/2023\/02\/28\/le-nouvel-ambassadeur-des-etats-unis-damerique-en-republique-du-congo-son-excellence-eugene-youg-a-ete-recu-en-audience-cet-apres-midi-par-la-ministre-des-affaires-sociales-et-de-la\/","url":"https:\/\/affaires-sociales.gouv.cg\/site_dev\/2023\/02\/28\/le-nouvel-ambassadeur-des-etats-unis-damerique-en-republique-du-congo-son-excellence-eugene-youg-a-ete-recu-en-audience-cet-apres-midi-par-la-ministre-des-affaires-sociales-et-de-la\/","name":"Le nouvel ambassadeur des Etats Unis d\u2019Am\u00e9rique en R\u00e9publique du Congo . - affaire-sociales","isPartOf":{"@id":"https:\/\/affaires-sociales.gouv.cg\/site_dev\/#website"},"datePublished":"2023-02-28T14:18:51+00:00","dateModified":"2023-02-28T14:19:29+00:00","breadcrumb":{"@id":"https:\/\/affaires-sociales.gouv.cg\/site_dev\/2023\/02\/28\/le-nouvel-ambassadeur-des-etats-unis-damerique-en-republique-du-congo-son-excellence-eugene-youg-a-ete-recu-en-audience-cet-apres-midi-par-la-ministre-des-affaires-sociales-et-de-la\/#breadcrumb"},"inLanguage":"fr-FR","potentialAction":[{"@type":"ReadAction","target":["https:\/\/affaires-sociales.gouv.cg\/site_dev\/2023\/02\/28\/le-nouvel-ambassadeur-des-etats-unis-damerique-en-republique-du-congo-son-excellence-eugene-youg-a-ete-recu-en-audience-cet-apres-midi-par-la-ministre-des-affaires-sociales-et-de-la\/"]}]},{"@type":"BreadcrumbList","@id":"https:\/\/affaires-sociales.gouv.cg\/site_dev\/2023\/02\/28\/le-nouvel-ambassadeur-des-etats-unis-damerique-en-republique-du-congo-son-excellence-eugene-youg-a-ete-recu-en-audience-cet-apres-midi-par-la-ministre-des-affaires-sociales-et-de-la\/#breadcrumb","itemListElement":[{"@type":"ListItem","position":1,"name":"Accueil","item":"https:\/\/affaires-sociales.gouv.cg\/site_dev\/"},{"@type":"ListItem","position":2,"name":"Le nouvel ambassadeur des Etats Unis d\u2019Am\u00e9rique en R\u00e9publique du Congo ."}]},{"@type":"WebSite","@id":"https:\/\/affaires-sociales.gouv.cg\/site_dev\/#website","url":"https:\/\/affaires-sociales.gouv.cg\/site_dev\/","name":"affaires-sociales","description":"Un site utilisant WordPress","publisher":{"@id":"https:\/\/affaires-sociales.gouv.cg\/site_dev\/#organization"},"potentialAction":[{"@type":"SearchAction","target":{"@type":"EntryPoint","urlTemplate":"https:\/\/affaires-sociales.gouv.cg\/site_dev\/?s={search_term_string}"},"query-input":"required name=search_term_string"}],"inLanguage":"fr-FR"},{"@type":"Organization","@id":"https:\/\/affaires-sociales.gouv.cg\/site_dev\/#organization","name":"minist\u00e8re des affaires-sociales, de la solidarit\u00e9 et de l'Action Humanitaire","url":"https:\/\/affaires-sociales.gouv.cg\/site_dev\/","logo":{"@type":"ImageObject","inLanguage":"fr-FR","@id":"https:\/\/affaires-sociales.gouv.cg\/site_dev\/#\/schema\/logo\/image\/","url":"https:\/\/affaires-sociales.gouv.cg\/wp-content\/uploads\/2023\/01\/logogros.jpg","contentUrl":"https:\/\/affaires-sociales.gouv.cg\/wp-content\/uploads\/2023\/01\/logogros.jpg","width":1376,"height":502,"caption":"minist\u00e8re des affaires-sociales, de la solidarit\u00e9 et de l'Action Humanitaire"},"image":{"@id":"https:\/\/affaires-sociales.gouv.cg\/site_dev\/#\/schema\/logo\/image\/"},"sameAs":["https:\/\/www.facebook.com\/people\/Ministre-Des-Affaires-Sociales-Et-De-Laction-Humanitaire\/100064473618465\/","https:\/\/twitter.com\/aff_sociales_cg"]},{"@type":"Person","@id":"https:\/\/affaires-sociales.gouv.cg\/site_dev\/#\/schema\/person\/0ecc8192a3f70ba6baf0c26cf39848f6","name":"admin_sociales","image":{"@type":"ImageObject","inLanguage":"fr-FR","@id":"https:\/\/affaires-sociales.gouv.cg\/site_dev\/#\/schema\/person\/image\/","url":"https:\/\/secure.gravatar.com\/avatar\/c7f09ee99f68360730781956654b5f51?s=96&d=mm&r=g","contentUrl":"https:\/\/secure.gravatar.com\/avatar\/c7f09ee99f68360730781956654b5f51?s=96&d=mm&r=g","caption":"admin_sociales"},"sameAs":["https:\/\/affaires-sociales.gouv.cg\/site_dev"],"url":"https:\/\/affaires-sociales.gouv.cg\/site_dev\/author\/admin_sociales\/"}]}},"rttpg_featured_image_url":{"full":["https:\/\/affaires-sociales.gouv.cg\/site_dev\/wp-content\/uploads\/2023\/02\/USA6.jpg",1944,1296,false],"landscape":["https:\/\/affaires-sociales.gouv.cg\/site_dev\/wp-content\/uploads\/2023\/02\/USA6.jpg",1944,1296,false],"portraits":["https:\/\/affaires-sociales.gouv.cg\/site_dev\/wp-content\/uploads\/2023\/02\/USA6.jpg",1944,1296,false],"thumbnail":["https:\/\/affaires-sociales.gouv.cg\/site_dev\/wp-content\/uploads\/2023\/02\/USA6-150x150.jpg",150,150,true],"medium":["https:\/\/affaires-sociales.gouv.cg\/site_dev\/wp-content\/uploads\/2023\/02\/USA6-300x200.jpg",300,200,true],"large":["https:\/\/affaires-sociales.gouv.cg\/site_dev\/wp-content\/uploads\/2023\/02\/USA6-1024x683.jpg",1024,683,true],"1536x1536":["https:\/\/affaires-sociales.gouv.cg\/site_dev\/wp-content\/uploads\/2023\/02\/USA6-1536x1024.jpg",1536,1024,true],"2048x2048":["https:\/\/affaires-sociales.gouv.cg\/site_dev\/wp-content\/uploads\/2023\/02\/USA6.jpg",1944,1296,false],"ultp_layout_landscape_large":["https:\/\/affaires-sociales.gouv.cg\/site_dev\/wp-content\/uploads\/2023\/02\/USA6-1200x800.jpg",1200,800,true],"ultp_layout_landscape":["https:\/\/affaires-sociales.gouv.cg\/site_dev\/wp-content\/uploads\/2023\/02\/USA6-870x570.jpg",870,570,true],"ultp_layout_portrait":["https:\/\/affaires-sociales.gouv.cg\/site_dev\/wp-content\/uploads\/2023\/02\/USA6-600x900.jpg",600,900,true],"ultp_layout_square":["https:\/\/affaires-sociales.gouv.cg\/site_dev\/wp-content\/uploads\/2023\/02\/USA6-600x600.jpg",600,600,true],"portfolio-square":["https:\/\/affaires-sociales.gouv.cg\/site_dev\/wp-content\/uploads\/2023\/02\/USA6-570x570.jpg",570,570,true],"portfolio-portrait":["https:\/\/affaires-sociales.gouv.cg\/site_dev\/wp-content\/uploads\/2023\/02\/USA6-600x800.jpg",600,800,true],"portfolio-landscape":["https:\/\/affaires-sociales.gouv.cg\/site_dev\/wp-content\/uploads\/2023\/02\/USA6-800x600.jpg",800,600,true],"menu-featured-post":["https:\/\/affaires-sociales.gouv.cg\/site_dev\/wp-content\/uploads\/2023\/02\/USA6-345x198.jpg",345,198,true],"qode-carousel_slider":["https:\/\/affaires-sociales.gouv.cg\/site_dev\/wp-content\/uploads\/2023\/02\/USA6-400x260.jpg",400,260,true],"portfolio_slider":["https:\/\/affaires-sociales.gouv.cg\/site_dev\/wp-content\/uploads\/2023\/02\/USA6-500x380.jpg",500,380,true],"portfolio_masonry_regular":["https:\/\/affaires-sociales.gouv.cg\/site_dev\/wp-content\/uploads\/2023\/02\/USA6-500x500.jpg",500,500,true],"portfolio_masonry_wide":["https:\/\/affaires-sociales.gouv.cg\/site_dev\/wp-content\/uploads\/2023\/02\/USA6-1000x500.jpg",1000,500,true],"portfolio_masonry_tall":["https:\/\/affaires-sociales.gouv.cg\/site_dev\/wp-content\/uploads\/2023\/02\/USA6-500x1000.jpg",500,1000,true],"portfolio_masonry_large":["https:\/\/affaires-sociales.gouv.cg\/site_dev\/wp-content\/uploads\/2023\/02\/USA6-1000x1000.jpg",1000,1000,true],"portfolio_masonry_with_space":["https:\/\/affaires-sociales.gouv.cg\/site_dev\/wp-content\/uploads\/2023\/02\/USA6-700x467.jpg",700,467,true],"latest_post_boxes":["https:\/\/affaires-sociales.gouv.cg\/site_dev\/wp-content\/uploads\/2023\/02\/USA6-539x303.jpg",539,303,true]},"rttpg_author":{"display_name":"admin_sociales","author_link":"https:\/\/affaires-sociales.gouv.cg\/site_dev\/author\/admin_sociales\/"},"rttpg_comment":0,"rttpg_category":"<a href=\"https:\/\/affaires-sociales.gouv.cg\/site_dev\/category\/nouvelle-article\/\" rel=\"category tag\">nouvelle article<\/a> <a href=\"https:\/\/affaires-sociales.gouv.cg\/site_dev\/category\/photography\/\" rel=\"category tag\">Photography<\/a>","rttpg_excerpt":"Le nouvel ambassadeur des Etats Unis d\u2019Am\u00e9rique en R\u00e9publique du Congo, Son Excellence Eug\u00e8ne YOUG a \u00e9t\u00e9 re\u00e7u en audience cet apr\u00e8s-midi par la Ministre des affaires sociales et de l\u2019Action Humanitaire, Ir\u00e8ne Marie-C\u00e9cile Mboukou Kimbatsa. Le diplomate am\u00e9ricain annonc\u00e9 la mise \u00e0 la disposition...","_links":{"self":[{"href":"https:\/\/affaires-sociales.gouv.cg\/site_dev\/wp-json\/wp\/v2\/posts\/17297"}],"collection":[{"href":"https:\/\/affaires-sociales.gouv.cg\/site_dev\/wp-json\/wp\/v2\/posts"}],"about":[{"href":"https:\/\/affaires-sociales.gouv.cg\/site_dev\/wp-json\/wp\/v2\/types\/post"}],"author":[{"embeddable":true,"href":"https:\/\/affaires-sociales.gouv.cg\/site_dev\/wp-json\/wp\/v2\/users\/1"}],"replies":[{"embeddable":true,"href":"https:\/\/affaires-sociales.gouv.cg\/site_dev\/wp-json\/wp\/v2\/comments?post=17297"}],"version-history":[{"count":2,"href":"https:\/\/affaires-sociales.gouv.cg\/site_dev\/wp-json\/wp\/v2\/posts\/17297\/revisions"}],"predecessor-version":[{"id":17306,"href":"https:\/\/affaires-sociales.gouv.cg\/site_dev\/wp-json\/wp\/v2\/posts\/17297\/revisions\/17306"}],"wp:featuredmedia":[{"embeddable":true,"href":"https:\/\/affaires-sociales.gouv.cg\/site_dev\/wp-json\/wp\/v2\/media\/17301"}],"wp:attachment":[{"href":"https:\/\/affaires-sociales.gouv.cg\/site_dev\/wp-json\/wp\/v2\/media?parent=17297"}],"wp:term":[{"taxonomy":"category","embeddable":true,"href":"https:\/\/affaires-sociales.gouv.cg\/site_dev\/wp-json\/wp\/v2\/categories?post=17297"},{"taxonomy":"post_tag","embeddable":true,"href":"https:\/\/affaires-sociales.gouv.cg\/site_dev\/wp-json\/wp\/v2\/tags?post=17297"}],"curies":[{"name":"wp","href":"https:\/\/api.w.org\/{rel}","templated":true}]}}