{"id":17295,"date":"2023-02-28T15:04:53","date_gmt":"2023-02-28T14:04:53","guid":{"rendered":"https:\/\/affaires-sociales.gouv.cg\/site_dev\/?p=17295"},"modified":"2023-02-28T15:04:55","modified_gmt":"2023-02-28T14:04:55","slug":"activites-sportives","status":"publish","type":"post","link":"https:\/\/affaires-sociales.gouv.cg\/site_dev\/2023\/02\/28\/activites-sportives\/","title":{"rendered":"Activit\u00e9s sportives"},"content":{"rendered":"\n<p>C\u2019est \u00e0 travers les activit\u00e9s sportives que les personnels du minist\u00e8re des affaires sociales et de l\u2019action humanitaire ont c\u00e9l\u00e9br\u00e9 ce 1er mai, la f\u00eate des travailleurs. Cette manifestation s\u2019est tenue sous le signe de la coh\u00e9sion comme le souligne le th\u00e8me choisi \u00e0 cette occasion \u00ab F\u00eatons le 1er mai dans le vivre ensemble, travailleurs du minist\u00e8re des affaires sociales et de l\u2019action humanitaire soyons toujours unis pour la d\u00e9fense de nos int\u00e9r\u00eats. \u00bb<\/p>\n\n\n\n<p>Le football pour les hommes et le Ndzango pour les femmes ont \u00e9t\u00e9 les activit\u00e9s choisies pour renforcer la coh\u00e9sion entre les agents. Ces activit\u00e9s qui se sont d\u00e9roul\u00e9es \u00e0 l\u2019initiative de la section syndicale de la F\u00e9d\u00e9ration Nationale des Agents de la Sant\u00e9 et des Affaires sociales (FENASA\/MASAH) ont eu lieu \u00e0 l\u2019Institut des Jeunes Sourds de Brazzaville sous le patronage du Directeur de Cabinet, Eug\u00e8ne Ikounga.<\/p>\n\n\n\n<p>Madame le Ministre Ir\u00e8ne Marie-C\u00e9cile Mboukou Kimbatsa a profit\u00e9 du moment du repas qui faisait suite aux activit\u00e9s sportives pour visiter ses collaborateurs et leur souhaiter une agr\u00e9able f\u00eate.<\/p>\n\n\n\n<figure class=\"wp-block-gallery has-nested-images columns-default is-cropped wp-block-gallery-1 is-layout-flex\">\n<figure class=\"wp-block-image size-large\"><img fetchpriority=\"high\" decoding=\"async\" width=\"1024\" height=\"450\" data-id=\"17090\"  src=\"https:\/\/affaires-sociales.gouv.cg\/site_dev\/wp-content\/uploads\/2023\/02\/279888687_365203765638741_7910745904936694035_n-1024x450.jpg\" alt=\"\" class=\"wp-image-17090\"\/><\/figure>\n\n\n\n<figure class=\"wp-block-image size-large\"><img decoding=\"async\" width=\"1024\" height=\"450\" data-id=\"17091\"  src=\"https:\/\/affaires-sociales.gouv.cg\/site_dev\/wp-content\/uploads\/2023\/02\/279907085_365202302305554_7880171074361489924_n-1024x450.jpg\" alt=\"\" class=\"wp-image-17091\"\/><\/figure>\n<\/figure>\n","protected":false},"excerpt":{"rendered":"<p>C\u2019est \u00e0 travers les activit\u00e9s sportives que les personnels du minist\u00e8re des affaires sociales et de l\u2019action humanitaire ont c\u00e9l\u00e9br\u00e9 ce 1er mai, la f\u00eate des travailleurs. Cette manifestation s\u2019est tenue sous le signe de la coh\u00e9sion comme le souligne le th\u00e8me choisi \u00e0 cette&#8230;<\/p>\n","protected":false},"author":1,"featured_media":17090,"comment_status":"open","ping_status":"open","sticky":false,"template":"","format":"standard","meta":[],"categories":[40,7],"tags":[],"yoast_head":"<!-- This site is optimized with the Yoast SEO plugin v20.8 - https:\/\/yoast.com\/wordpress\/plugins\/seo\/ -->\n<title>Activit\u00e9s sportives - affaire-sociales<\/title>\n<meta name=\"robots\" content=\"index, follow, max-snippet:-1, max-image-preview:large, max-video-preview:-1\" \/>\n<link rel=\"canonical\" href=\"https:\/\/affaires-sociales.gouv.cg\/site_dev\/2023\/02\/28\/activites-sportives\/\" \/>\n<meta property=\"og:locale\" content=\"fr_FR\" \/>\n<meta property=\"og:type\" content=\"article\" \/>\n<meta property=\"og:title\" content=\"Activit\u00e9s sportives - affaire-sociales\" \/>\n<meta property=\"og:description\" content=\"C\u2019est \u00e0 travers les activit\u00e9s sportives que les personnels du minist\u00e8re des affaires sociales et de l\u2019action humanitaire ont c\u00e9l\u00e9br\u00e9 ce 1er mai, la f\u00eate des travailleurs. Cette manifestation s\u2019est tenue sous le signe de la coh\u00e9sion comme le souligne le th\u00e8me choisi \u00e0 cette...\" \/>\n<meta property=\"og:url\" content=\"https:\/\/affaires-sociales.gouv.cg\/site_dev\/2023\/02\/28\/activites-sportives\/\" \/>\n<meta property=\"og:site_name\" content=\"affaire-sociales\" \/>\n<meta property=\"article:publisher\" content=\"https:\/\/www.facebook.com\/people\/Ministre-Des-Affaires-Sociales-Et-De-Laction-Humanitaire\/100064473618465\/\" \/>\n<meta property=\"article:published_time\" content=\"2023-02-28T14:04:53+00:00\" \/>\n<meta property=\"article:modified_time\" content=\"2023-02-28T14:04:55+00:00\" \/>\n<meta property=\"og:image\" content=\"https:\/\/affaires-sociales.gouv.cg\/site_dev\/wp-content\/uploads\/2023\/02\/279888687_365203765638741_7910745904936694035_n.jpg\" \/>\n\t<meta property=\"og:image:width\" content=\"1448\" \/>\n\t<meta property=\"og:image:height\" content=\"636\" \/>\n\t<meta property=\"og:image:type\" content=\"image\/jpeg\" \/>\n<meta name=\"author\" content=\"admin_sociales\" \/>\n<meta name=\"twitter:card\" content=\"summary_large_image\" \/>\n<meta name=\"twitter:creator\" content=\"@aff_sociales_cg\" \/>\n<meta name=\"twitter:site\" content=\"@aff_sociales_cg\" \/>\n<meta name=\"twitter:label1\" content=\"\u00c9crit par\" \/>\n\t<meta name=\"twitter:data1\" content=\"admin_sociales\" \/>\n\t<meta name=\"twitter:label2\" content=\"Dur\u00e9e de lecture estim\u00e9e\" \/>\n\t<meta name=\"twitter:data2\" content=\"2 minutes\" \/>\n<script type=\"application\/ld+json\" class=\"yoast-schema-graph\">{\"@context\":\"https:\/\/schema.org\",\"@graph\":[{\"@type\":\"Article\",\"@id\":\"https:\/\/affaires-sociales.gouv.cg\/site_dev\/2023\/02\/28\/activites-sportives\/#article\",\"isPartOf\":{\"@id\":\"https:\/\/affaires-sociales.gouv.cg\/site_dev\/2023\/02\/28\/activites-sportives\/\"},\"author\":{\"name\":\"admin_sociales\",\"@id\":\"https:\/\/affaires-sociales.gouv.cg\/site_dev\/#\/schema\/person\/0ecc8192a3f70ba6baf0c26cf39848f6\"},\"headline\":\"Activit\u00e9s sportives\",\"datePublished\":\"2023-02-28T14:04:53+00:00\",\"dateModified\":\"2023-02-28T14:04:55+00:00\",\"mainEntityOfPage\":{\"@id\":\"https:\/\/affaires-sociales.gouv.cg\/site_dev\/2023\/02\/28\/activites-sportives\/\"},\"wordCount\":201,\"commentCount\":0,\"publisher\":{\"@id\":\"https:\/\/affaires-sociales.gouv.cg\/site_dev\/#organization\"},\"articleSection\":[\"nouvelle article\",\"Sport\"],\"inLanguage\":\"fr-FR\",\"potentialAction\":[{\"@type\":\"CommentAction\",\"name\":\"Comment\",\"target\":[\"https:\/\/affaires-sociales.gouv.cg\/site_dev\/2023\/02\/28\/activites-sportives\/#respond\"]}]},{\"@type\":\"WebPage\",\"@id\":\"https:\/\/affaires-sociales.gouv.cg\/site_dev\/2023\/02\/28\/activites-sportives\/\",\"url\":\"https:\/\/affaires-sociales.gouv.cg\/site_dev\/2023\/02\/28\/activites-sportives\/\",\"name\":\"Activit\u00e9s sportives - affaire-sociales\",\"isPartOf\":{\"@id\":\"https:\/\/affaires-sociales.gouv.cg\/site_dev\/#website\"},\"datePublished\":\"2023-02-28T14:04:53+00:00\",\"dateModified\":\"2023-02-28T14:04:55+00:00\",\"breadcrumb\":{\"@id\":\"https:\/\/affaires-sociales.gouv.cg\/site_dev\/2023\/02\/28\/activites-sportives\/#breadcrumb\"},\"inLanguage\":\"fr-FR\",\"potentialAction\":[{\"@type\":\"ReadAction\",\"target\":[\"https:\/\/affaires-sociales.gouv.cg\/site_dev\/2023\/02\/28\/activites-sportives\/\"]}]},{\"@type\":\"BreadcrumbList\",\"@id\":\"https:\/\/affaires-sociales.gouv.cg\/site_dev\/2023\/02\/28\/activites-sportives\/#breadcrumb\",\"itemListElement\":[{\"@type\":\"ListItem\",\"position\":1,\"name\":\"Accueil\",\"item\":\"https:\/\/affaires-sociales.gouv.cg\/site_dev\/\"},{\"@type\":\"ListItem\",\"position\":2,\"name\":\"Activit\u00e9s sportives\"}]},{\"@type\":\"WebSite\",\"@id\":\"https:\/\/affaires-sociales.gouv.cg\/site_dev\/#website\",\"url\":\"https:\/\/affaires-sociales.gouv.cg\/site_dev\/\",\"name\":\"affaires-sociales\",\"description\":\"Un site utilisant WordPress\",\"publisher\":{\"@id\":\"https:\/\/affaires-sociales.gouv.cg\/site_dev\/#organization\"},\"potentialAction\":[{\"@type\":\"SearchAction\",\"target\":{\"@type\":\"EntryPoint\",\"urlTemplate\":\"https:\/\/affaires-sociales.gouv.cg\/site_dev\/?s={search_term_string}\"},\"query-input\":\"required name=search_term_string\"}],\"inLanguage\":\"fr-FR\"},{\"@type\":\"Organization\",\"@id\":\"https:\/\/affaires-sociales.gouv.cg\/site_dev\/#organization\",\"name\":\"minist\u00e8re des affaires-sociales, de la solidarit\u00e9 et de l'Action Humanitaire\",\"url\":\"https:\/\/affaires-sociales.gouv.cg\/site_dev\/\",\"logo\":{\"@type\":\"ImageObject\",\"inLanguage\":\"fr-FR\",\"@id\":\"https:\/\/affaires-sociales.gouv.cg\/site_dev\/#\/schema\/logo\/image\/\",\"url\":\"https:\/\/affaires-sociales.gouv.cg\/wp-content\/uploads\/2023\/01\/logogros.jpg\",\"contentUrl\":\"https:\/\/affaires-sociales.gouv.cg\/wp-content\/uploads\/2023\/01\/logogros.jpg\",\"width\":1376,\"height\":502,\"caption\":\"minist\u00e8re des affaires-sociales, de la solidarit\u00e9 et de l'Action Humanitaire\"},\"image\":{\"@id\":\"https:\/\/affaires-sociales.gouv.cg\/site_dev\/#\/schema\/logo\/image\/\"},\"sameAs\":[\"https:\/\/www.facebook.com\/people\/Ministre-Des-Affaires-Sociales-Et-De-Laction-Humanitaire\/100064473618465\/\",\"https:\/\/twitter.com\/aff_sociales_cg\"]},{\"@type\":\"Person\",\"@id\":\"https:\/\/affaires-sociales.gouv.cg\/site_dev\/#\/schema\/person\/0ecc8192a3f70ba6baf0c26cf39848f6\",\"name\":\"admin_sociales\",\"image\":{\"@type\":\"ImageObject\",\"inLanguage\":\"fr-FR\",\"@id\":\"https:\/\/affaires-sociales.gouv.cg\/site_dev\/#\/schema\/person\/image\/\",\"url\":\"https:\/\/secure.gravatar.com\/avatar\/c7f09ee99f68360730781956654b5f51?s=96&d=mm&r=g\",\"contentUrl\":\"https:\/\/secure.gravatar.com\/avatar\/c7f09ee99f68360730781956654b5f51?s=96&d=mm&r=g\",\"caption\":\"admin_sociales\"},\"sameAs\":[\"https:\/\/affaires-sociales.gouv.cg\/site_dev\"],\"url\":\"https:\/\/affaires-sociales.gouv.cg\/site_dev\/author\/admin_sociales\/\"}]}<\/script>\n<!-- \/ Yoast SEO plugin. -->","yoast_head_json":{"title":"Activit\u00e9s sportives - affaire-sociales","robots":{"index":"index","follow":"follow","max-snippet":"max-snippet:-1","max-image-preview":"max-image-preview:large","max-video-preview":"max-video-preview:-1"},"canonical":"https:\/\/affaires-sociales.gouv.cg\/site_dev\/2023\/02\/28\/activites-sportives\/","og_locale":"fr_FR","og_type":"article","og_title":"Activit\u00e9s sportives - affaire-sociales","og_description":"C\u2019est \u00e0 travers les activit\u00e9s sportives que les personnels du minist\u00e8re des affaires sociales et de l\u2019action humanitaire ont c\u00e9l\u00e9br\u00e9 ce 1er mai, la f\u00eate des travailleurs. Cette manifestation s\u2019est tenue sous le signe de la coh\u00e9sion comme le souligne le th\u00e8me choisi \u00e0 cette...","og_url":"https:\/\/affaires-sociales.gouv.cg\/site_dev\/2023\/02\/28\/activites-sportives\/","og_site_name":"affaire-sociales","article_publisher":"https:\/\/www.facebook.com\/people\/Ministre-Des-Affaires-Sociales-Et-De-Laction-Humanitaire\/100064473618465\/","article_published_time":"2023-02-28T14:04:53+00:00","article_modified_time":"2023-02-28T14:04:55+00:00","og_image":[{"width":1448,"height":636,"url":"https:\/\/affaires-sociales.gouv.cg\/site_dev\/wp-content\/uploads\/2023\/02\/279888687_365203765638741_7910745904936694035_n.jpg","type":"image\/jpeg"}],"author":"admin_sociales","twitter_card":"summary_large_image","twitter_creator":"@aff_sociales_cg","twitter_site":"@aff_sociales_cg","twitter_misc":{"\u00c9crit par":"admin_sociales","Dur\u00e9e de lecture estim\u00e9e":"2 minutes"},"schema":{"@context":"https:\/\/schema.org","@graph":[{"@type":"Article","@id":"https:\/\/affaires-sociales.gouv.cg\/site_dev\/2023\/02\/28\/activites-sportives\/#article","isPartOf":{"@id":"https:\/\/affaires-sociales.gouv.cg\/site_dev\/2023\/02\/28\/activites-sportives\/"},"author":{"name":"admin_sociales","@id":"https:\/\/affaires-sociales.gouv.cg\/site_dev\/#\/schema\/person\/0ecc8192a3f70ba6baf0c26cf39848f6"},"headline":"Activit\u00e9s sportives","datePublished":"2023-02-28T14:04:53+00:00","dateModified":"2023-02-28T14:04:55+00:00","mainEntityOfPage":{"@id":"https:\/\/affaires-sociales.gouv.cg\/site_dev\/2023\/02\/28\/activites-sportives\/"},"wordCount":201,"commentCount":0,"publisher":{"@id":"https:\/\/affaires-sociales.gouv.cg\/site_dev\/#organization"},"articleSection":["nouvelle article","Sport"],"inLanguage":"fr-FR","potentialAction":[{"@type":"CommentAction","name":"Comment","target":["https:\/\/affaires-sociales.gouv.cg\/site_dev\/2023\/02\/28\/activites-sportives\/#respond"]}]},{"@type":"WebPage","@id":"https:\/\/affaires-sociales.gouv.cg\/site_dev\/2023\/02\/28\/activites-sportives\/","url":"https:\/\/affaires-sociales.gouv.cg\/site_dev\/2023\/02\/28\/activites-sportives\/","name":"Activit\u00e9s sportives - affaire-sociales","isPartOf":{"@id":"https:\/\/affaires-sociales.gouv.cg\/site_dev\/#website"},"datePublished":"2023-02-28T14:04:53+00:00","dateModified":"2023-02-28T14:04:55+00:00","breadcrumb":{"@id":"https:\/\/affaires-sociales.gouv.cg\/site_dev\/2023\/02\/28\/activites-sportives\/#breadcrumb"},"inLanguage":"fr-FR","potentialAction":[{"@type":"ReadAction","target":["https:\/\/affaires-sociales.gouv.cg\/site_dev\/2023\/02\/28\/activites-sportives\/"]}]},{"@type":"BreadcrumbList","@id":"https:\/\/affaires-sociales.gouv.cg\/site_dev\/2023\/02\/28\/activites-sportives\/#breadcrumb","itemListElement":[{"@type":"ListItem","position":1,"name":"Accueil","item":"https:\/\/affaires-sociales.gouv.cg\/site_dev\/"},{"@type":"ListItem","position":2,"name":"Activit\u00e9s sportives"}]},{"@type":"WebSite","@id":"https:\/\/affaires-sociales.gouv.cg\/site_dev\/#website","url":"https:\/\/affaires-sociales.gouv.cg\/site_dev\/","name":"affaires-sociales","description":"Un site utilisant WordPress","publisher":{"@id":"https:\/\/affaires-sociales.gouv.cg\/site_dev\/#organization"},"potentialAction":[{"@type":"SearchAction","target":{"@type":"EntryPoint","urlTemplate":"https:\/\/affaires-sociales.gouv.cg\/site_dev\/?s={search_term_string}"},"query-input":"required name=search_term_string"}],"inLanguage":"fr-FR"},{"@type":"Organization","@id":"https:\/\/affaires-sociales.gouv.cg\/site_dev\/#organization","name":"minist\u00e8re des affaires-sociales, de la solidarit\u00e9 et de l'Action Humanitaire","url":"https:\/\/affaires-sociales.gouv.cg\/site_dev\/","logo":{"@type":"ImageObject","inLanguage":"fr-FR","@id":"https:\/\/affaires-sociales.gouv.cg\/site_dev\/#\/schema\/logo\/image\/","url":"https:\/\/affaires-sociales.gouv.cg\/wp-content\/uploads\/2023\/01\/logogros.jpg","contentUrl":"https:\/\/affaires-sociales.gouv.cg\/wp-content\/uploads\/2023\/01\/logogros.jpg","width":1376,"height":502,"caption":"minist\u00e8re des affaires-sociales, de la solidarit\u00e9 et de l'Action Humanitaire"},"image":{"@id":"https:\/\/affaires-sociales.gouv.cg\/site_dev\/#\/schema\/logo\/image\/"},"sameAs":["https:\/\/www.facebook.com\/people\/Ministre-Des-Affaires-Sociales-Et-De-Laction-Humanitaire\/100064473618465\/","https:\/\/twitter.com\/aff_sociales_cg"]},{"@type":"Person","@id":"https:\/\/affaires-sociales.gouv.cg\/site_dev\/#\/schema\/person\/0ecc8192a3f70ba6baf0c26cf39848f6","name":"admin_sociales","image":{"@type":"ImageObject","inLanguage":"fr-FR","@id":"https:\/\/affaires-sociales.gouv.cg\/site_dev\/#\/schema\/person\/image\/","url":"https:\/\/secure.gravatar.com\/avatar\/c7f09ee99f68360730781956654b5f51?s=96&d=mm&r=g","contentUrl":"https:\/\/secure.gravatar.com\/avatar\/c7f09ee99f68360730781956654b5f51?s=96&d=mm&r=g","caption":"admin_sociales"},"sameAs":["https:\/\/affaires-sociales.gouv.cg\/site_dev"],"url":"https:\/\/affaires-sociales.gouv.cg\/site_dev\/author\/admin_sociales\/"}]}},"rttpg_featured_image_url":{"full":["https:\/\/affaires-sociales.gouv.cg\/site_dev\/wp-content\/uploads\/2023\/02\/279888687_365203765638741_7910745904936694035_n.jpg",1448,636,false],"landscape":["https:\/\/affaires-sociales.gouv.cg\/site_dev\/wp-content\/uploads\/2023\/02\/279888687_365203765638741_7910745904936694035_n.jpg",1448,636,false],"portraits":["https:\/\/affaires-sociales.gouv.cg\/site_dev\/wp-content\/uploads\/2023\/02\/279888687_365203765638741_7910745904936694035_n.jpg",1448,636,false],"thumbnail":["https:\/\/affaires-sociales.gouv.cg\/site_dev\/wp-content\/uploads\/2023\/02\/279888687_365203765638741_7910745904936694035_n-150x150.jpg",150,150,true],"medium":["https:\/\/affaires-sociales.gouv.cg\/site_dev\/wp-content\/uploads\/2023\/02\/279888687_365203765638741_7910745904936694035_n-300x132.jpg",300,132,true],"large":["https:\/\/affaires-sociales.gouv.cg\/site_dev\/wp-content\/uploads\/2023\/02\/279888687_365203765638741_7910745904936694035_n-1024x450.jpg",1024,450,true],"1536x1536":["https:\/\/affaires-sociales.gouv.cg\/site_dev\/wp-content\/uploads\/2023\/02\/279888687_365203765638741_7910745904936694035_n.jpg",1448,636,false],"2048x2048":["https:\/\/affaires-sociales.gouv.cg\/site_dev\/wp-content\/uploads\/2023\/02\/279888687_365203765638741_7910745904936694035_n.jpg",1448,636,false],"ultp_layout_landscape_large":["https:\/\/affaires-sociales.gouv.cg\/site_dev\/wp-content\/uploads\/2023\/02\/279888687_365203765638741_7910745904936694035_n-1200x636.jpg",1200,636,true],"ultp_layout_landscape":["https:\/\/affaires-sociales.gouv.cg\/site_dev\/wp-content\/uploads\/2023\/02\/279888687_365203765638741_7910745904936694035_n-870x570.jpg",870,570,true],"ultp_layout_portrait":["https:\/\/affaires-sociales.gouv.cg\/site_dev\/wp-content\/uploads\/2023\/02\/279888687_365203765638741_7910745904936694035_n-600x636.jpg",600,636,true],"ultp_layout_square":["https:\/\/affaires-sociales.gouv.cg\/site_dev\/wp-content\/uploads\/2023\/02\/279888687_365203765638741_7910745904936694035_n-600x600.jpg",600,600,true],"portfolio-square":["https:\/\/affaires-sociales.gouv.cg\/site_dev\/wp-content\/uploads\/2023\/02\/279888687_365203765638741_7910745904936694035_n-570x570.jpg",570,570,true],"portfolio-portrait":["https:\/\/affaires-sociales.gouv.cg\/site_dev\/wp-content\/uploads\/2023\/02\/279888687_365203765638741_7910745904936694035_n-600x636.jpg",600,636,true],"portfolio-landscape":["https:\/\/affaires-sociales.gouv.cg\/site_dev\/wp-content\/uploads\/2023\/02\/279888687_365203765638741_7910745904936694035_n-800x600.jpg",800,600,true],"menu-featured-post":["https:\/\/affaires-sociales.gouv.cg\/site_dev\/wp-content\/uploads\/2023\/02\/279888687_365203765638741_7910745904936694035_n-345x198.jpg",345,198,true],"qode-carousel_slider":["https:\/\/affaires-sociales.gouv.cg\/site_dev\/wp-content\/uploads\/2023\/02\/279888687_365203765638741_7910745904936694035_n-400x260.jpg",400,260,true],"portfolio_slider":["https:\/\/affaires-sociales.gouv.cg\/site_dev\/wp-content\/uploads\/2023\/02\/279888687_365203765638741_7910745904936694035_n-500x380.jpg",500,380,true],"portfolio_masonry_regular":["https:\/\/affaires-sociales.gouv.cg\/site_dev\/wp-content\/uploads\/2023\/02\/279888687_365203765638741_7910745904936694035_n-500x500.jpg",500,500,true],"portfolio_masonry_wide":["https:\/\/affaires-sociales.gouv.cg\/site_dev\/wp-content\/uploads\/2023\/02\/279888687_365203765638741_7910745904936694035_n-1000x500.jpg",1000,500,true],"portfolio_masonry_tall":["https:\/\/affaires-sociales.gouv.cg\/site_dev\/wp-content\/uploads\/2023\/02\/279888687_365203765638741_7910745904936694035_n-500x636.jpg",500,636,true],"portfolio_masonry_large":["https:\/\/affaires-sociales.gouv.cg\/site_dev\/wp-content\/uploads\/2023\/02\/279888687_365203765638741_7910745904936694035_n-1000x636.jpg",1000,636,true],"portfolio_masonry_with_space":["https:\/\/affaires-sociales.gouv.cg\/site_dev\/wp-content\/uploads\/2023\/02\/279888687_365203765638741_7910745904936694035_n-700x307.jpg",700,307,true],"latest_post_boxes":["https:\/\/affaires-sociales.gouv.cg\/site_dev\/wp-content\/uploads\/2023\/02\/279888687_365203765638741_7910745904936694035_n-539x303.jpg",539,303,true]},"rttpg_author":{"display_name":"admin_sociales","author_link":"https:\/\/affaires-sociales.gouv.cg\/site_dev\/author\/admin_sociales\/"},"rttpg_comment":0,"rttpg_category":"<a href=\"https:\/\/affaires-sociales.gouv.cg\/site_dev\/category\/nouvelle-article\/\" rel=\"category tag\">nouvelle article<\/a> <a href=\"https:\/\/affaires-sociales.gouv.cg\/site_dev\/category\/sport\/\" rel=\"category tag\">Sport<\/a>","rttpg_excerpt":"C\u2019est \u00e0 travers les activit\u00e9s sportives que les personnels du minist\u00e8re des affaires sociales et de l\u2019action humanitaire ont c\u00e9l\u00e9br\u00e9 ce 1er mai, la f\u00eate des travailleurs. Cette manifestation s\u2019est tenue sous le signe de la coh\u00e9sion comme le souligne le th\u00e8me choisi \u00e0 cette...","_links":{"self":[{"href":"https:\/\/affaires-sociales.gouv.cg\/site_dev\/wp-json\/wp\/v2\/posts\/17295"}],"collection":[{"href":"https:\/\/affaires-sociales.gouv.cg\/site_dev\/wp-json\/wp\/v2\/posts"}],"about":[{"href":"https:\/\/affaires-sociales.gouv.cg\/site_dev\/wp-json\/wp\/v2\/types\/post"}],"author":[{"embeddable":true,"href":"https:\/\/affaires-sociales.gouv.cg\/site_dev\/wp-json\/wp\/v2\/users\/1"}],"replies":[{"embeddable":true,"href":"https:\/\/affaires-sociales.gouv.cg\/site_dev\/wp-json\/wp\/v2\/comments?post=17295"}],"version-history":[{"count":1,"href":"https:\/\/affaires-sociales.gouv.cg\/site_dev\/wp-json\/wp\/v2\/posts\/17295\/revisions"}],"predecessor-version":[{"id":17296,"href":"https:\/\/affaires-sociales.gouv.cg\/site_dev\/wp-json\/wp\/v2\/posts\/17295\/revisions\/17296"}],"wp:featuredmedia":[{"embeddable":true,"href":"https:\/\/affaires-sociales.gouv.cg\/site_dev\/wp-json\/wp\/v2\/media\/17090"}],"wp:attachment":[{"href":"https:\/\/affaires-sociales.gouv.cg\/site_dev\/wp-json\/wp\/v2\/media?parent=17295"}],"wp:term":[{"taxonomy":"category","embeddable":true,"href":"https:\/\/affaires-sociales.gouv.cg\/site_dev\/wp-json\/wp\/v2\/categories?post=17295"},{"taxonomy":"post_tag","embeddable":true,"href":"https:\/\/affaires-sociales.gouv.cg\/site_dev\/wp-json\/wp\/v2\/tags?post=17295"}],"curies":[{"name":"wp","href":"https:\/\/api.w.org\/{rel}","templated":true}]}}